{"id":867228,"date":"2025-10-14T16:49:52","date_gmt":"2025-10-14T14:49:52","guid":{"rendered":"https:\/\/www.albinfo.ch\/?p=867228"},"modified":"2025-10-22T18:15:53","modified_gmt":"2025-10-22T16:15:53","slug":"kurti-bezeichnet-den-sieg-des-kosovo-ueber-schweden-als-historisch","status":"publish","type":"post","link":"https:\/\/www.albinfo.at\/de\/kurti-bezeichnet-den-sieg-des-kosovo-ueber-schweden-als-historisch\/","title":{"rendered":"Kurti bezeichnet den Sieg des Kosovo \u00fcber Schweden als historisch."},"content":{"rendered":"<p data-start=\"699\" data-end=\"914\">Der Premierminister des Kosovo, Albin Kurti, hat die Nationalmannschaft des Kosovo nach dem Sieg \u00fcber Schweden begl\u00fcckw\u00fcnscht und das Ergebnis als historisch bezeichnet, berichtet albinfo.ch.<\/p>\n<p data-start=\"916\" data-end=\"1016\">In einem Facebook-Beitrag lobte er die Disziplin und den Einsatz der kosovarischen Fu\u00dfballspieler:<\/p>\n<p data-start=\"1018\" data-end=\"1270\">&#8220;Ein au\u00dfergew\u00f6hnliches Kosovo! Diszipliniertes Spiel, verdienter Sieg und ein weiteres historisches Ergebnis gegen Schweden, um den zweiten Tabellenplatz zu festigen und den Traum von der Qualifikation f\u00fcr die Weltmeisterschaft am Leben zu erhalten.&#8221;<\/p>\n<p data-start=\"1272\" data-end=\"1415\" data-is-last-node=\"\" data-is-only-node=\"\">Kurti gratulierte den Spielern und allen B\u00fcrgerinnen und B\u00fcrgern zu diesem Erfolg und bezeichnete den Sieg als einen Moment nationalen Stolzes.<\/p>\n","protected":false},"excerpt":{"rendered":"<p>Albin Kurti: Ein au\u00dfergew\u00f6hnliches Kosovo, ein verdienter Sieg gegen Schweden.<\/p>\n","protected":false},"author":6,"featured_media":867093,"comment_status":"closed","ping_status":"closed","sticky":false,"template":"","format":"standard","meta":{"footnotes":""},"categories":[24641,4023,24631,1139],"tags":[],"vendi":[],"content_country":[29888,31836,31837],"class_list":["post-867228","post","type-post","status-publish","format-standard","has-post-thumbnail","hentry","category-andere-de-2","category-futboll-de","category-nachrichten-de-2","category-sport","content_country-zvicer","content_country-austria-de","content_country-germany-de"],"acf":[],"_links":{"self":[{"href":"https:\/\/www.albinfo.at\/de\/wp-json\/wp\/v2\/posts\/867228","targetHints":{"allow":["GET"]}}],"collection":[{"href":"https:\/\/www.albinfo.at\/de\/wp-json\/wp\/v2\/posts"}],"about":[{"href":"https:\/\/www.albinfo.at\/de\/wp-json\/wp\/v2\/types\/post"}],"author":[{"embeddable":true,"href":"https:\/\/www.albinfo.at\/de\/wp-json\/wp\/v2\/users\/6"}],"replies":[{"embeddable":true,"href":"https:\/\/www.albinfo.at\/de\/wp-json\/wp\/v2\/comments?post=867228"}],"version-history":[{"count":1,"href":"https:\/\/www.albinfo.at\/de\/wp-json\/wp\/v2\/posts\/867228\/revisions"}],"predecessor-version":[{"id":867229,"href":"https:\/\/www.albinfo.at\/de\/wp-json\/wp\/v2\/posts\/867228\/revisions\/867229"}],"wp:featuredmedia":[{"embeddable":true,"href":"https:\/\/www.albinfo.at\/de\/wp-json\/wp\/v2\/media\/867093"}],"wp:attachment":[{"href":"https:\/\/www.albinfo.at\/de\/wp-json\/wp\/v2\/media?parent=867228"}],"wp:term":[{"taxonomy":"category","embeddable":true,"href":"https:\/\/www.albinfo.at\/de\/wp-json\/wp\/v2\/categories?post=867228"},{"taxonomy":"post_tag","embeddable":true,"href":"https:\/\/www.albinfo.at\/de\/wp-json\/wp\/v2\/tags?post=867228"},{"taxonomy":"vendi","embeddable":true,"href":"https:\/\/www.albinfo.at\/de\/wp-json\/wp\/v2\/vendi?post=867228"},{"taxonomy":"content_country","embeddable":true,"href":"https:\/\/www.albinfo.at\/de\/wp-json\/wp\/v2\/content_country?post=867228"}],"curies":[{"name":"wp","href":"https:\/\/api.w.org\/{rel}","templated":true}]}}