{"id":867048,"date":"2025-10-13T23:23:58","date_gmt":"2025-10-13T21:23:58","guid":{"rendered":"https:\/\/www.albinfo.ch\/?p=867048"},"modified":"2025-10-22T18:23:01","modified_gmt":"2025-10-22T16:23:01","slug":"kosovo-feiert-einen-historischen-sieg-in-goeteborg-und-besiegt-schweden-zum-zweiten-mal-innerhalb-eines-monats","status":"publish","type":"post","link":"https:\/\/www.albinfo.at\/de\/kosovo-feiert-einen-historischen-sieg-in-goeteborg-und-besiegt-schweden-zum-zweiten-mal-innerhalb-eines-monats\/","title":{"rendered":"Kosovo feiert einen historischen Sieg in G\u00f6teborg und besiegt Schweden zum zweiten Mal innerhalb eines Monats."},"content":{"rendered":"<p data-start=\"788\" data-end=\"1060\">Kosovo feierte heute Abend in G\u00f6teborg einen historischen Sieg und besiegte Schweden in einem au\u00dfergew\u00f6hnlichen Spiel mit 1:0. Mit diesem Ergebnis klettert Kosovo auf den zweiten Platz der Gruppe und hat nun 7 Punkte gesammelt, schreibt albinfo.ch.<\/p>\n<p data-start=\"1062\" data-end=\"1342\">Das entscheidende Tor erzielte Besnik Asllani in der 32. Minute und sicherte der Mannschaft damit drei goldene Punkte. Es ist das zweite Mal innerhalb eines Monats, dass Kosovo Schweden besiegt, nachdem das erste Spiel im \u201eFadil-Vokrri\u201c-Stadion in Prishtina stattgefunden hatte.<\/p>\n<p data-start=\"1344\" data-end=\"1595\" data-is-last-node=\"\" data-is-only-node=\"\">\u00dcber 7.000 kosovarische Fans in Schweden waren in G\u00f6teborg anwesend und feierten den historischen Sieg ihrer Mannschaft begeistert. Die Leistung des Teams wurde als au\u00dfergew\u00f6hnlich bezeichnet und weckt Hoffnung und Optimismus f\u00fcr die kommenden Spiele.<\/p>\n<p><a href=\"https:\/\/www.albinfo.ch\/wp-content\/uploads\/2025\/10\/kosova-.jpg\"><img loading=\"lazy\" decoding=\"async\" class=\"alignnone size-full wp-image-867021\" src=\"https:\/\/www.albinfo.ch\/wp-content\/uploads\/2025\/10\/kosova-.jpg\" alt=\"\" width=\"608\" height=\"536\" srcset=\"https:\/\/www.albinfo.at\/wp-content\/uploads\/2025\/10\/kosova-.jpg 608w, https:\/\/www.albinfo.at\/wp-content\/uploads\/2025\/10\/kosova--300x264.jpg 300w, https:\/\/www.albinfo.at\/wp-content\/uploads\/2025\/10\/kosova--449x396.jpg 449w, https:\/\/www.albinfo.at\/wp-content\/uploads\/2025\/10\/kosova--113x100.jpg 113w, https:\/\/www.albinfo.at\/wp-content\/uploads\/2025\/10\/kosova--199x175.jpg 199w\" sizes=\"auto, (max-width: 608px) 100vw, 608px\" \/><\/a><\/p>\n<p>Lexoni po ashtu:<\/p>\n<blockquote class=\"wp-embedded-content\" data-secret=\"UGtk7eiefd\"><p><a href=\"https:\/\/www.albinfo.ch\/formacioni-i-kosoves-per-ndeshjen-ndaj-suedise-tre-ndryshime-nga-takimi-me-sllovenine\/\">Formacioni i Kosov\u00ebs p\u00ebr ndeshjen ndaj Suedis\u00eb: Tre ndryshime nga takimi me Sllovenin\u00eb<\/a><\/p><\/blockquote>\n<p><iframe loading=\"lazy\" class=\"wp-embedded-content\" sandbox=\"allow-scripts\" security=\"restricted\" style=\"position: absolute; visibility: hidden;\" title=\"&#8220;Formacioni i Kosov\u00ebs p\u00ebr ndeshjen ndaj Suedis\u00eb: Tre ndryshime nga takimi me Sllovenin\u00eb&#8221; &#8212; Albinfo\" src=\"https:\/\/www.albinfo.ch\/formacioni-i-kosoves-per-ndeshjen-ndaj-suedise-tre-ndryshime-nga-takimi-me-sllovenine\/embed\/#?secret=5TDaEjWnuO#?secret=UGtk7eiefd\" data-secret=\"UGtk7eiefd\" width=\"587\" height=\"331\" frameborder=\"0\" marginwidth=\"0\" marginheight=\"0\" scrolling=\"no\"><\/iframe><\/p>\n<p>&nbsp;<\/p>\n","protected":false},"excerpt":{"rendered":"<p>Kosovo feierte heute Abend in G\u00f6teborg einen historischen Sieg und besiegte Schweden in einem au\u00dfergew\u00f6hnlichen Spiel mit 1:0. Mit diesem Ergebnis klettert Kosovo auf den zweiten Platz der Gruppe und hat nun 7 Punkte gesammelt, schreibt albinfo.ch. Das entscheidende Tor erzielte Besnik Asllani in der 32. Minute und sicherte der Mannschaft damit drei goldene Punkte. [&hellip;]<\/p>\n","protected":false},"author":6,"featured_media":867016,"comment_status":"closed","ping_status":"closed","sticky":false,"template":"","format":"standard","meta":{"footnotes":""},"categories":[33056,23263,1130,3952,23269,4023,23262,24621,24631,24635,1129,1139],"tags":[],"vendi":[],"content_country":[29888,31836,31837],"class_list":["post-867048","post","type-post","status-publish","format-standard","has-post-thumbnail","hentry","category-de-balkani-de","category-kosova-de-2","category-aktuell","category-kosova-de","category-news","category-futboll-de","category-at-balkani-de","category-kosova-de-3","category-nachrichten-de-2","category-nachrichten-de-3","category-ch-balkan","category-sport","content_country-zvicer","content_country-austria-de","content_country-germany-de"],"acf":[],"_links":{"self":[{"href":"https:\/\/www.albinfo.at\/de\/wp-json\/wp\/v2\/posts\/867048","targetHints":{"allow":["GET"]}}],"collection":[{"href":"https:\/\/www.albinfo.at\/de\/wp-json\/wp\/v2\/posts"}],"about":[{"href":"https:\/\/www.albinfo.at\/de\/wp-json\/wp\/v2\/types\/post"}],"author":[{"embeddable":true,"href":"https:\/\/www.albinfo.at\/de\/wp-json\/wp\/v2\/users\/6"}],"replies":[{"embeddable":true,"href":"https:\/\/www.albinfo.at\/de\/wp-json\/wp\/v2\/comments?post=867048"}],"version-history":[{"count":1,"href":"https:\/\/www.albinfo.at\/de\/wp-json\/wp\/v2\/posts\/867048\/revisions"}],"predecessor-version":[{"id":867050,"href":"https:\/\/www.albinfo.at\/de\/wp-json\/wp\/v2\/posts\/867048\/revisions\/867050"}],"wp:featuredmedia":[{"embeddable":true,"href":"https:\/\/www.albinfo.at\/de\/wp-json\/wp\/v2\/media\/867016"}],"wp:attachment":[{"href":"https:\/\/www.albinfo.at\/de\/wp-json\/wp\/v2\/media?parent=867048"}],"wp:term":[{"taxonomy":"category","embeddable":true,"href":"https:\/\/www.albinfo.at\/de\/wp-json\/wp\/v2\/categories?post=867048"},{"taxonomy":"post_tag","embeddable":true,"href":"https:\/\/www.albinfo.at\/de\/wp-json\/wp\/v2\/tags?post=867048"},{"taxonomy":"vendi","embeddable":true,"href":"https:\/\/www.albinfo.at\/de\/wp-json\/wp\/v2\/vendi?post=867048"},{"taxonomy":"content_country","embeddable":true,"href":"https:\/\/www.albinfo.at\/de\/wp-json\/wp\/v2\/content_country?post=867048"}],"curies":[{"name":"wp","href":"https:\/\/api.w.org\/{rel}","templated":true}]}}