{"id":866186,"date":"2025-10-10T16:50:48","date_gmt":"2025-10-10T14:50:48","guid":{"rendered":"https:\/\/www.albinfo.ch\/?p=866186"},"modified":"2025-10-23T16:24:04","modified_gmt":"2025-10-23T14:24:04","slug":"kosovo-strebt-heute-abend-einen-sieg-gegen-slowenien-an","status":"publish","type":"post","link":"https:\/\/www.albinfo.at\/de\/kosovo-strebt-heute-abend-einen-sieg-gegen-slowenien-an\/","title":{"rendered":"Kosovo strebt heute Abend einen Sieg gegen Slowenien an"},"content":{"rendered":"<p data-start=\"1100\" data-end=\"1392\">Die Nationalmannschaft des Kosovo bestreitet heute Abend ein \u00e4u\u00dferst wichtiges Spiel gegen Slowenien, im Rahmen der Qualifikation f\u00fcr die Weltmeisterschaft 2026. Das Spiel findet im \u201eFadil Vokrri\u201c-Stadion in Prishtina statt und beginnt um 20:45 Uhr, schreibt albinfo.ch.<\/p>\n<p data-start=\"1394\" data-end=\"1688\">Nach den ersten beiden Spielen der Gruppe B liegt der Kosovo mit 3 Punkten auf dem zweiten Platz, hinter der Schweiz, die mit 6 Punkten f\u00fchrt. Die \u201eDardaner\u201c haben einen Sieg und eine Niederlage (Torverh\u00e4ltnis 2:4), w\u00e4hrend Slowenien mit nur einem Punkt aus zwei Spielen auf Platz vier steht.<\/p>\n<p data-start=\"1690\" data-end=\"2019\">Das Team von Trainer Franco Foda strebt den zweiten Sieg in der Gruppe an, um im Rennen um die Spitzenpl\u00e4tze zu bleiben, die die Teilnahme an der Weltmeisterschaft 2026 sichern. Die Stimmung in der Mannschaft ist positiv, und das \u201eFadil Vokrri\u201c-Stadion wird voll mit Fans sein, die den Kosovo zu einem gro\u00dfen Ergebnis anfeuern.<\/p>\n<p data-start=\"2021\" data-end=\"2176\">Zur Gruppe B geh\u00f6ren au\u00dferdem die Schweiz und Schweden, die ebenfalls um die Qualifikation f\u00fcr die Endrunde des gr\u00f6\u00dften Fu\u00dfballturniers der Welt k\u00e4mpfen.<\/p>\n","protected":false},"excerpt":{"rendered":"<p>Kosovo &#8211; Slowenien, das Stadion \u201eFadil Vokrri\u201c \u00f6ffnet heute Abend seine Tore f\u00fcr die Dardaner<\/p>\n","protected":false},"author":6,"featured_media":856750,"comment_status":"closed","ping_status":"closed","sticky":false,"template":"","format":"standard","meta":{"footnotes":""},"categories":[33056,23263,1130,3952,23269,4023,23262,24621,24631,24635,1129,1139],"tags":[],"vendi":[],"content_country":[29888,31836,31837],"class_list":["post-866186","post","type-post","status-publish","format-standard","has-post-thumbnail","hentry","category-de-balkani-de","category-kosova-de-2","category-aktuell","category-kosova-de","category-news","category-futboll-de","category-at-balkani-de","category-kosova-de-3","category-nachrichten-de-2","category-nachrichten-de-3","category-ch-balkan","category-sport","content_country-zvicer","content_country-austria-de","content_country-germany-de"],"acf":[],"_links":{"self":[{"href":"https:\/\/www.albinfo.at\/de\/wp-json\/wp\/v2\/posts\/866186","targetHints":{"allow":["GET"]}}],"collection":[{"href":"https:\/\/www.albinfo.at\/de\/wp-json\/wp\/v2\/posts"}],"about":[{"href":"https:\/\/www.albinfo.at\/de\/wp-json\/wp\/v2\/types\/post"}],"author":[{"embeddable":true,"href":"https:\/\/www.albinfo.at\/de\/wp-json\/wp\/v2\/users\/6"}],"replies":[{"embeddable":true,"href":"https:\/\/www.albinfo.at\/de\/wp-json\/wp\/v2\/comments?post=866186"}],"version-history":[{"count":1,"href":"https:\/\/www.albinfo.at\/de\/wp-json\/wp\/v2\/posts\/866186\/revisions"}],"predecessor-version":[{"id":866187,"href":"https:\/\/www.albinfo.at\/de\/wp-json\/wp\/v2\/posts\/866186\/revisions\/866187"}],"wp:featuredmedia":[{"embeddable":true,"href":"https:\/\/www.albinfo.at\/de\/wp-json\/wp\/v2\/media\/856750"}],"wp:attachment":[{"href":"https:\/\/www.albinfo.at\/de\/wp-json\/wp\/v2\/media?parent=866186"}],"wp:term":[{"taxonomy":"category","embeddable":true,"href":"https:\/\/www.albinfo.at\/de\/wp-json\/wp\/v2\/categories?post=866186"},{"taxonomy":"post_tag","embeddable":true,"href":"https:\/\/www.albinfo.at\/de\/wp-json\/wp\/v2\/tags?post=866186"},{"taxonomy":"vendi","embeddable":true,"href":"https:\/\/www.albinfo.at\/de\/wp-json\/wp\/v2\/vendi?post=866186"},{"taxonomy":"content_country","embeddable":true,"href":"https:\/\/www.albinfo.at\/de\/wp-json\/wp\/v2\/content_country?post=866186"}],"curies":[{"name":"wp","href":"https:\/\/api.w.org\/{rel}","templated":true}]}}