{"id":865584,"date":"2025-10-07T23:10:22","date_gmt":"2025-10-07T21:10:22","guid":{"rendered":"https:\/\/www.albinfo.ch\/?p=865584"},"modified":"2025-10-23T16:46:57","modified_gmt":"2025-10-23T14:46:57","slug":"video-die-rot-schwarzen-setzen-ihre-vorbereitung-auf-das-spiel-gegen-serbien-fort","status":"publish","type":"post","link":"https:\/\/www.albinfo.at\/de\/video-die-rot-schwarzen-setzen-ihre-vorbereitung-auf-das-spiel-gegen-serbien-fort\/","title":{"rendered":"Video: Die Rot-Schwarzen setzen ihre Vorbereitung auf das Spiel gegen Serbien fort"},"content":{"rendered":"<p data-start=\"1268\" data-end=\"1482\">Die albanische Nationalmannschaft absolvierte am heutigen Nachmittag eine weitere Trainingseinheit im &#8221; Haus des Fu\u00dfballs &#8221; im Rahmen der Vorbereitung auf die Spiele gegen Serbien und Jordanien.<\/p>\n<p data-start=\"1484\" data-end=\"1746\">Laut der Kommunikationsabteilung des albanischen Fu\u00dfballverbandes (FSHF) standen alle Spieler Trainer Sylvinho zur Verf\u00fcgung und absolvierten das vollst\u00e4ndige Trainingsprogramm, w\u00e4hrend sich Enea Mihaj heute der Mannschaft anschloss und individuell trainierte.<\/p>\n<p data-start=\"1748\" data-end=\"1940\">Das heutige Training begann mit einer Einheit im Fitnessraum, danach probierten Trainer Sylvinho und das Team verschiedene Spielsituationen und taktische Varianten aus, berichtet albinfo.ch.<\/p>\n<p data-start=\"1942\" data-end=\"2105\">Au\u00dferdem hat Trainer Sylvinho beschlossen, f\u00fcr diese beiden Spiele den Mittelfeldspieler Nazmi Gripshi zu nominieren, der den verletzten Adrion Pajaziti ersetzt.<\/p>\n<p data-start=\"2107\" data-end=\"2225\">Gripshi wird am Mittwoch zur Mannschaft sto\u00dfen und f\u00fcr die Partien gegen Serbien und Jordanien zur Verf\u00fcgung stehen.<\/p>\n<p data-start=\"2227\" data-end=\"2421\" data-is-last-node=\"\" data-is-only-node=\"\">Die n\u00e4chste Trainingseinheit der Nationalmannschaft findet morgen im &#8221; Haus des Fu\u00dfballs &#8221; statt. Ebenfalls morgen werden zwei Spieler im Stadion &#8221; Air Albania &#8221; an einer Pressekonferenz teilnehmen.<\/p>\n<p><iframe loading=\"lazy\" title=\"Ndeshja e Kualifikueseve t\u00eb Bot\u00ebrorit 2026 me Serbin\u00eb \/ Komb\u00ebtarja st\u00ebrvitet e plot\u00eb n\u00eb dit\u00ebn e 2-t\u00eb\" width=\"587\" height=\"330\" src=\"https:\/\/www.youtube.com\/embed\/MSI7PFgkAI4?feature=oembed\" frameborder=\"0\" allow=\"accelerometer; autoplay; clipboard-write; encrypted-media; gyroscope; picture-in-picture; web-share\" referrerpolicy=\"strict-origin-when-cross-origin\" allowfullscreen><\/iframe><\/p>\n","protected":false},"excerpt":{"rendered":"<p>Das heutige Training begann mit einer Einheit im Fitnessraum, danach probierten Trainer Sylvinho und das Team verschiedene Spielsituationen und taktische Varianten aus.<\/p>\n","protected":false},"author":6,"featured_media":865469,"comment_status":"closed","ping_status":"closed","sticky":false,"template":"","format":"standard","meta":{"footnotes":""},"categories":[4023,1139],"tags":[],"vendi":[],"content_country":[29888,31836,31837],"class_list":["post-865584","post","type-post","status-publish","format-standard","has-post-thumbnail","hentry","category-futboll-de","category-sport","content_country-zvicer","content_country-austria-de","content_country-germany-de"],"acf":[],"_links":{"self":[{"href":"https:\/\/www.albinfo.at\/de\/wp-json\/wp\/v2\/posts\/865584","targetHints":{"allow":["GET"]}}],"collection":[{"href":"https:\/\/www.albinfo.at\/de\/wp-json\/wp\/v2\/posts"}],"about":[{"href":"https:\/\/www.albinfo.at\/de\/wp-json\/wp\/v2\/types\/post"}],"author":[{"embeddable":true,"href":"https:\/\/www.albinfo.at\/de\/wp-json\/wp\/v2\/users\/6"}],"replies":[{"embeddable":true,"href":"https:\/\/www.albinfo.at\/de\/wp-json\/wp\/v2\/comments?post=865584"}],"version-history":[{"count":1,"href":"https:\/\/www.albinfo.at\/de\/wp-json\/wp\/v2\/posts\/865584\/revisions"}],"predecessor-version":[{"id":865585,"href":"https:\/\/www.albinfo.at\/de\/wp-json\/wp\/v2\/posts\/865584\/revisions\/865585"}],"wp:featuredmedia":[{"embeddable":true,"href":"https:\/\/www.albinfo.at\/de\/wp-json\/wp\/v2\/media\/865469"}],"wp:attachment":[{"href":"https:\/\/www.albinfo.at\/de\/wp-json\/wp\/v2\/media?parent=865584"}],"wp:term":[{"taxonomy":"category","embeddable":true,"href":"https:\/\/www.albinfo.at\/de\/wp-json\/wp\/v2\/categories?post=865584"},{"taxonomy":"post_tag","embeddable":true,"href":"https:\/\/www.albinfo.at\/de\/wp-json\/wp\/v2\/tags?post=865584"},{"taxonomy":"vendi","embeddable":true,"href":"https:\/\/www.albinfo.at\/de\/wp-json\/wp\/v2\/vendi?post=865584"},{"taxonomy":"content_country","embeddable":true,"href":"https:\/\/www.albinfo.at\/de\/wp-json\/wp\/v2\/content_country?post=865584"}],"curies":[{"name":"wp","href":"https:\/\/api.w.org\/{rel}","templated":true}]}}