{"id":865569,"date":"2025-10-07T23:00:01","date_gmt":"2025-10-07T21:00:01","guid":{"rendered":"https:\/\/www.albinfo.ch\/?p=865569"},"modified":"2025-10-23T16:47:20","modified_gmt":"2025-10-23T14:47:20","slug":"albanien-reagiert-entschieden-gegenueber-serbien-in-bezug-auf-kosovo-wir-akzeptieren-keine-verzerrung-der-realitaet","status":"publish","type":"post","link":"https:\/\/www.albinfo.at\/de\/albanien-reagiert-entschieden-gegenueber-serbien-in-bezug-auf-kosovo-wir-akzeptieren-keine-verzerrung-der-realitaet\/","title":{"rendered":"Albanien reagiert entschieden gegen\u00fcber Serbien in Bezug auf Kosovo: &#8220;Wir akzeptieren keine Verzerrung der Realit\u00e4t&#8221;"},"content":{"rendered":"<p data-start=\"2423\" data-end=\"2675\">Eine Erkl\u00e4rung des serbischen Au\u00dfenministeriums vom 4. Oktober, die als Antwort auf die Pr\u00e4sidentin des Kosovo, Vjosa Osmani, ver\u00f6ffentlicht wurde, erw\u00e4hnte auch Albanien und brachte den Bericht von Dick Marty erneut ins Gespr\u00e4ch.<\/p>\n<p data-start=\"2677\" data-end=\"2958\">Das albanische Ministerium f\u00fcr Europa und Ausw\u00e4rtige Angelegenheiten bezeichnete diese Anschuldigungen und Behauptungen als unbegr\u00fcndet und bedauerte, dass Serbien versucht, die Schatten der Vergangenheit \u00fcber eine Region zu werfen, die sich bem\u00fcht, in Richtung Zukunft zu gehen.<\/p>\n<p data-start=\"2960\" data-end=\"3219\">Albanien erinnert Serbien an einige historische Wahrheiten \u00fcber die wahren Verantwortlichen der tragischen Ereignisse von 1999, die zu Morden, ethnischen S\u00e4uberungen und der gewaltsamen Vertreibung von rund einer Million Kosovaren aus ihren H\u00e4usern f\u00fchrten.<\/p>\n<p data-start=\"3221\" data-end=\"3936\">&#8220;Es ist bedauerlich, dass die Erkl\u00e4rung des serbischen Au\u00dfenministeriums weiterhin auf einem mittlerweile diskreditierten Bericht von Dick Marty basiert, obwohl die von nationalen und internationalen Beh\u00f6rden untersuchten Fakten eindeutig gezeigt haben, dass die darin erhobenen Anschuldigungen eine reine Erfindung ohne jegliche tats\u00e4chlichen Beweise sind. Diese Unwahrheiten, die international als Versuch anerkannt sind, das Ansehen Albaniens und des Kosovo zu beschmutzen, k\u00f6nnen nicht l\u00e4nger benutzt werden, um der Verantwortung der Geschichte zu entkommen. Geschichte wird nicht durch Rhetorik umgeschrieben, sondern mit Verantwortung erinnert&#8221;, hei\u00dft es in der Mitteilung des albanischen Au\u00dfenministeriums.<\/p>\n<p data-start=\"3938\" data-end=\"4175\">Das Ministerium betont, dass jeder Versuch, die Wahrheit zu verdrehen und die Rollen von Opfer und T\u00e4ter zu vertauschen, inakzeptabel sei und dem Geist des Friedens und der Vers\u00f6hnung widerspreche, den die Region anstrebt und verdient.<\/p>\n<p data-start=\"4177\" data-end=\"4931\" data-is-last-node=\"\" data-is-only-node=\"\">&#8220;Das Ministerium f\u00fcr Europa und Ausw\u00e4rtige Angelegenheiten Albaniens ist zutiefst \u00fcberzeugt, dass unsere Region Vers\u00f6hnung, gegenseitigen Respekt und aufrichtige Zusammenarbeit im Geist guter Nachbarschaft braucht\u00a0 nicht eine R\u00fcckkehr zur Sprache der Anschuldigungen und Selbstviktimisierung. Nur so k\u00f6nnen wir uns endg\u00fcltig von den Schatten der Vergangenheit befreien und gemeinsam eine Zukunft in Frieden, Sicherheit und Wohlstand aufbauen\u00a0 ein vereinigter Balkan in unserer europ\u00e4ischen Familie, zu der wir durch unsere Wurzeln und Bestrebungen geh\u00f6ren. Albanien war und bleibt bereit f\u00fcr eine umfassende regionale Zusammenarbeit im Geiste von Freundschaft, W\u00fcrde und Verantwortung gegen\u00fcber unseren B\u00fcrgern&#8221;, hei\u00dft es abschlie\u00dfend in der Erkl\u00e4rung.<\/p>\n","protected":false},"excerpt":{"rendered":"<p>Eine Erkl\u00e4rung des serbischen Au\u00dfenministeriums vom 4. Oktober, die als Antwort auf die Pr\u00e4sidentin des Kosovo, Vjosa Osmani, ver\u00f6ffentlicht wurde, erw\u00e4hnte auch Albanien und brachte den Bericht von Dick Marty erneut ins Gespr\u00e4ch. Das albanische Ministerium f\u00fcr Europa und Ausw\u00e4rtige Angelegenheiten bezeichnete diese Anschuldigungen und Behauptungen als unbegr\u00fcndet und bedauerte, dass Serbien versucht, die Schatten [&hellip;]<\/p>\n","protected":false},"author":6,"featured_media":780807,"comment_status":"closed","ping_status":"closed","sticky":false,"template":"","format":"standard","meta":{"footnotes":""},"categories":[23263,3952,4023,23262,24631,1129,1139],"tags":[],"vendi":[],"content_country":[29888,31836,31837],"class_list":["post-865569","post","type-post","status-publish","format-standard","has-post-thumbnail","hentry","category-kosova-de-2","category-kosova-de","category-futboll-de","category-at-balkani-de","category-nachrichten-de-2","category-ch-balkan","category-sport","content_country-zvicer","content_country-austria-de","content_country-germany-de"],"acf":[],"_links":{"self":[{"href":"https:\/\/www.albinfo.at\/de\/wp-json\/wp\/v2\/posts\/865569","targetHints":{"allow":["GET"]}}],"collection":[{"href":"https:\/\/www.albinfo.at\/de\/wp-json\/wp\/v2\/posts"}],"about":[{"href":"https:\/\/www.albinfo.at\/de\/wp-json\/wp\/v2\/types\/post"}],"author":[{"embeddable":true,"href":"https:\/\/www.albinfo.at\/de\/wp-json\/wp\/v2\/users\/6"}],"replies":[{"embeddable":true,"href":"https:\/\/www.albinfo.at\/de\/wp-json\/wp\/v2\/comments?post=865569"}],"version-history":[{"count":1,"href":"https:\/\/www.albinfo.at\/de\/wp-json\/wp\/v2\/posts\/865569\/revisions"}],"predecessor-version":[{"id":865575,"href":"https:\/\/www.albinfo.at\/de\/wp-json\/wp\/v2\/posts\/865569\/revisions\/865575"}],"wp:featuredmedia":[{"embeddable":true,"href":"https:\/\/www.albinfo.at\/de\/wp-json\/wp\/v2\/media\/780807"}],"wp:attachment":[{"href":"https:\/\/www.albinfo.at\/de\/wp-json\/wp\/v2\/media?parent=865569"}],"wp:term":[{"taxonomy":"category","embeddable":true,"href":"https:\/\/www.albinfo.at\/de\/wp-json\/wp\/v2\/categories?post=865569"},{"taxonomy":"post_tag","embeddable":true,"href":"https:\/\/www.albinfo.at\/de\/wp-json\/wp\/v2\/tags?post=865569"},{"taxonomy":"vendi","embeddable":true,"href":"https:\/\/www.albinfo.at\/de\/wp-json\/wp\/v2\/vendi?post=865569"},{"taxonomy":"content_country","embeddable":true,"href":"https:\/\/www.albinfo.at\/de\/wp-json\/wp\/v2\/content_country?post=865569"}],"curies":[{"name":"wp","href":"https:\/\/api.w.org\/{rel}","templated":true}]}}