{"id":864545,"date":"2025-10-02T19:00:20","date_gmt":"2025-10-02T17:00:20","guid":{"rendered":"https:\/\/www.albinfo.ch\/?p=864545"},"modified":"2025-10-03T09:37:06","modified_gmt":"2025-10-03T07:37:06","slug":"die-schweizer-u21-setzt-auf-albanische-talente-fuer-die-qualifikation-zur-euro-2027","status":"publish","type":"post","link":"https:\/\/www.albinfo.at\/de\/die-schweizer-u21-setzt-auf-albanische-talente-fuer-die-qualifikation-zur-euro-2027\/","title":{"rendered":"Die Schweizer U21 setzt auf albanische Talente f\u00fcr die Qualifikation zur Euro 2027"},"content":{"rendered":"<p data-start=\"1142\" data-end=\"1510\">Die Schweizer U21-Nationalmannschaft hat drei Fu\u00dfballspieler albanischer Herkunft f\u00fcr die Qualifikationsspiele zur Europameisterschaft 2027 einberufen, die in Albanien und Serbien stattfinden wird. Auf der Liste des Schweizer Trainers stehen Torh\u00fcter Gentrit Muslija, Mittelfeldspieler Dion Kacuri und St\u00fcrmer Labinot Bajrami, berichtet albinfo.ch.<\/p>\n<p data-start=\"1512\" data-end=\"1765\">Gentrit Muslija spielt f\u00fcr den FC Wil in der Schweiz und gilt als Torh\u00fcter mit gro\u00dfem Potenzial. Dion Kacuri, ein 21-j\u00e4hriger Mittelfeldspieler, ist Teil des FC Basel, w\u00e4hrend der 20-j\u00e4hrige Labinot Bajrami beim niederl\u00e4ndischen Verein Helmond spielt.<\/p>\n<p data-start=\"1767\" data-end=\"1812\">Die n\u00e4chsten Spiele der Schweizer U21 sind:<\/p>\n<ol start=\"10\" data-start=\"1814\" data-end=\"1914\">\n<li data-start=\"1814\" data-end=\"1860\">\n<p data-start=\"1818\" data-end=\"1860\">Oktober: Schweiz U21 &#8211; Island (zu Hause)<\/p>\n<\/li>\n<li data-start=\"1861\" data-end=\"1914\">\n<p data-start=\"1865\" data-end=\"1914\">Oktober: F\u00e4r\u00f6er Inseln &#8211; Schweiz U21 (ausw\u00e4rts)<\/p>\n<\/li>\n<\/ol>\n<p data-start=\"1916\" data-end=\"2109\">F\u00fcr diese Spiele hat der Trainer der Schweizer U21 diese Spieler ausgew\u00e4hlt, um die Mannschaft zu verst\u00e4rken und positive Ergebnisse in der Qualifikationsgruppe f\u00fcr die Euro 2027 zu erzielen.<\/p>\n<p><img loading=\"lazy\" decoding=\"async\" class=\"\" src=\"https:\/\/resources.koha.net\/wysying\/2025\/October\/02\/9dc766e6-5a46-4242-adea-a450fd542d67.webp?q=90&amp;w=980\" width=\"500\" height=\"599\" \/><\/p>\n","protected":false},"excerpt":{"rendered":"<p>Drei Albaner werden in die Schweizer U21 einberufen<\/p>\n","protected":false},"author":6,"featured_media":864362,"comment_status":"closed","ping_status":"closed","sticky":false,"template":"","format":"standard","meta":{"footnotes":""},"categories":[4023,24631,1110,1139],"tags":[],"vendi":[],"content_country":[29888,31836,31837],"class_list":["post-864545","post","type-post","status-publish","format-standard","has-post-thumbnail","hentry","category-futboll-de","category-nachrichten-de-2","category-unkategorisiert","category-sport","content_country-zvicer","content_country-austria-de","content_country-germany-de"],"acf":[],"_links":{"self":[{"href":"https:\/\/www.albinfo.at\/de\/wp-json\/wp\/v2\/posts\/864545","targetHints":{"allow":["GET"]}}],"collection":[{"href":"https:\/\/www.albinfo.at\/de\/wp-json\/wp\/v2\/posts"}],"about":[{"href":"https:\/\/www.albinfo.at\/de\/wp-json\/wp\/v2\/types\/post"}],"author":[{"embeddable":true,"href":"https:\/\/www.albinfo.at\/de\/wp-json\/wp\/v2\/users\/6"}],"replies":[{"embeddable":true,"href":"https:\/\/www.albinfo.at\/de\/wp-json\/wp\/v2\/comments?post=864545"}],"version-history":[{"count":1,"href":"https:\/\/www.albinfo.at\/de\/wp-json\/wp\/v2\/posts\/864545\/revisions"}],"predecessor-version":[{"id":864548,"href":"https:\/\/www.albinfo.at\/de\/wp-json\/wp\/v2\/posts\/864545\/revisions\/864548"}],"wp:featuredmedia":[{"embeddable":true,"href":"https:\/\/www.albinfo.at\/de\/wp-json\/wp\/v2\/media\/864362"}],"wp:attachment":[{"href":"https:\/\/www.albinfo.at\/de\/wp-json\/wp\/v2\/media?parent=864545"}],"wp:term":[{"taxonomy":"category","embeddable":true,"href":"https:\/\/www.albinfo.at\/de\/wp-json\/wp\/v2\/categories?post=864545"},{"taxonomy":"post_tag","embeddable":true,"href":"https:\/\/www.albinfo.at\/de\/wp-json\/wp\/v2\/tags?post=864545"},{"taxonomy":"vendi","embeddable":true,"href":"https:\/\/www.albinfo.at\/de\/wp-json\/wp\/v2\/vendi?post=864545"},{"taxonomy":"content_country","embeddable":true,"href":"https:\/\/www.albinfo.at\/de\/wp-json\/wp\/v2\/content_country?post=864545"}],"curies":[{"name":"wp","href":"https:\/\/api.w.org\/{rel}","templated":true}]}}