{"id":864173,"date":"2025-10-01T19:53:16","date_gmt":"2025-10-01T17:53:16","guid":{"rendered":"https:\/\/www.albinfo.ch\/?p=864173"},"modified":"2025-10-01T19:53:52","modified_gmt":"2025-10-01T17:53:52","slug":"ein-kosovare-erhaelt-einen-akademischen-titel-nach-studien-an-sechs-renommierten-universitaeten-europas","status":"publish","type":"post","link":"https:\/\/www.albinfo.at\/de\/ein-kosovare-erhaelt-einen-akademischen-titel-nach-studien-an-sechs-renommierten-universitaeten-europas\/","title":{"rendered":"Ein Kosovare erh\u00e4lt einen akademischen Titel nach Studien an sechs renommierten Universit\u00e4ten Europas"},"content":{"rendered":"<article class=\"text-token-text-primary w-full focus:outline-none scroll-mt-[calc(var(--header-height)+min(200px,max(70px,20svh)))]\" dir=\"auto\" tabindex=\"-1\" data-turn-id=\"request-68c9d6be-37d0-832f-9c66-465cbba489b7-2\" data-testid=\"conversation-turn-414\" data-scroll-anchor=\"true\" data-turn=\"assistant\">\n<div class=\"text-base my-auto mx-auto pb-10 [--thread-content-margin:--spacing(4)] thread-sm:[--thread-content-margin:--spacing(6)] thread-lg:[--thread-content-margin:--spacing(16)] px-(--thread-content-margin)\">\n<div class=\"[--thread-content-max-width:40rem] thread-lg:[--thread-content-max-width:48rem] mx-auto max-w-(--thread-content-max-width) flex-1 group\/turn-messages focus-visible:outline-hidden relative flex w-full min-w-0 flex-col agent-turn\" tabindex=\"-1\">\n<div class=\"flex max-w-full flex-col grow\">\n<div class=\"min-h-8 text-message relative flex w-full flex-col items-end gap-2 text-start break-words whitespace-normal [.text-message+&amp;]:mt-5\" dir=\"auto\" data-message-author-role=\"assistant\" data-message-id=\"8a54a19c-084c-45d0-b022-8c19a234dfa7\" data-message-model-slug=\"gpt-5\">\n<div class=\"flex w-full flex-col gap-1 empty:hidden first:pt-[3px]\">\n<div class=\"markdown prose dark:prose-invert w-full break-words light markdown-new-styling\">\n<p data-start=\"1310\" data-end=\"1676\">Nach einem langen und engagierten akademischen Werdegang hat der Zahnarzt Besnik Shehu einen der H\u00f6hepunkte seiner beruflichen Laufbahn erreicht. Er hat erfolgreich das dreij\u00e4hrige Studium des Europ\u00e4ischen Masters in Implantologie abgeschlossen, ein Eliteprogramm, das von der European Association for Osseointegration (EAO) organisiert wird, berichtet albinfo.ch.<\/p>\n<p data-start=\"1678\" data-end=\"1878\">Dieses Programm umfasste eine seltene akademische Erfahrung an sechs der renommiertesten Universit\u00e4ten des Kontinents\u00a0 in Schweden, den Niederlanden, Deutschland, der Schweiz, Spanien und Portugal.<\/p>\n<p data-start=\"1880\" data-end=\"2080\">Mit diesem Erfolg tr\u00e4gt Shehu nun stolz den Titel Europ\u00e4ischer Master in Implantologie und geh\u00f6rt damit zu einem engen Kreis von Fachleuten auf h\u00f6chstem Niveau im Bereich der dentalen Implantologie.<\/p>\n<p data-start=\"2082\" data-end=\"2335\">&#8220;Der Abschluss dieses dreij\u00e4hrigen Masterstudiums an sechs der bekanntesten europ\u00e4ischen Universit\u00e4ten im Rahmen der EAO ist ein Beweis daf\u00fcr, dass Hingabe und Leidenschaft jede T\u00fcr \u00f6ffnen&#8221;, erkl\u00e4rte Shehu anl\u00e4sslich seiner Graduierung in Monte Carlo.<\/p>\n<p data-start=\"2337\" data-end=\"2622\" data-is-last-node=\"\" data-is-only-node=\"\">Dieser Erfolg ist nicht nur ein neues berufliches Kapitel f\u00fcr ihn, sondern auch ein inspirierendes Beispiel f\u00fcr die jungen Generationen albanischer \u00c4rzte. Er zeigt, dass man mit harter Arbeit und Entschlossenheit die h\u00f6chsten Ebenen europ\u00e4ischer Exzellenz erreichen kann. \/Albinfo.ch<\/p>\n<\/div>\n<\/div>\n<\/div>\n<\/div>\n<div class=\"z-0 flex min-h-[46px] justify-start\"><\/div>\n<div class=\"mt-3 w-full empty:hidden\">\n<div class=\"text-center\"><\/div>\n<\/div>\n<\/div>\n<\/div>\n<\/article>\n<div class=\"pointer-events-none h-px w-px\" aria-hidden=\"true\" data-edge=\"true\"><\/div>\n<p><a href=\"https:\/\/www.albinfo.ch\/wp-content\/uploads\/2025\/10\/img_3116.jpeg\"><img loading=\"lazy\" decoding=\"async\" class=\"alignnone wp-image-864022\" src=\"https:\/\/www.albinfo.ch\/wp-content\/uploads\/2025\/10\/img_3116-737x1024.jpeg\" alt=\"\" width=\"500\" height=\"695\" srcset=\"https:\/\/www.albinfo.at\/wp-content\/uploads\/2025\/10\/img_3116-737x1024.jpeg 737w, https:\/\/www.albinfo.at\/wp-content\/uploads\/2025\/10\/img_3116-216x300.jpeg 216w, https:\/\/www.albinfo.at\/wp-content\/uploads\/2025\/10\/img_3116-768x1067.jpeg 768w, https:\/\/www.albinfo.at\/wp-content\/uploads\/2025\/10\/img_3116-285x396.jpeg 285w, https:\/\/www.albinfo.at\/wp-content\/uploads\/2025\/10\/img_3116-72x100.jpeg 72w, https:\/\/www.albinfo.at\/wp-content\/uploads\/2025\/10\/img_3116-126x175.jpeg 126w, https:\/\/www.albinfo.at\/wp-content\/uploads\/2025\/10\/img_3116.jpeg 777w\" sizes=\"auto, (max-width: 500px) 100vw, 500px\" \/><\/a><\/p>\n","protected":false},"excerpt":{"rendered":"<p>Nach einem dreij\u00e4hrigen akademischen Weg in Europa erh\u00e4lt Besnik Shehu den Mastertitel in Implantologie<\/p>\n","protected":false},"author":6,"featured_media":864021,"comment_status":"closed","ping_status":"closed","sticky":false,"template":"","format":"standard","meta":{"footnotes":""},"categories":[23263,24636,3954,23262,24631,1110],"tags":[],"vendi":[],"content_country":[29888,31836,31837],"class_list":["post-864173","post","type-post","status-publish","format-standard","has-post-thumbnail","hentry","category-kosova-de-2","category-nachrichten-de-4","category-shendetesi-2-de","category-at-balkani-de","category-nachrichten-de-2","category-unkategorisiert","content_country-zvicer","content_country-austria-de","content_country-germany-de"],"acf":[],"_links":{"self":[{"href":"https:\/\/www.albinfo.at\/de\/wp-json\/wp\/v2\/posts\/864173","targetHints":{"allow":["GET"]}}],"collection":[{"href":"https:\/\/www.albinfo.at\/de\/wp-json\/wp\/v2\/posts"}],"about":[{"href":"https:\/\/www.albinfo.at\/de\/wp-json\/wp\/v2\/types\/post"}],"author":[{"embeddable":true,"href":"https:\/\/www.albinfo.at\/de\/wp-json\/wp\/v2\/users\/6"}],"replies":[{"embeddable":true,"href":"https:\/\/www.albinfo.at\/de\/wp-json\/wp\/v2\/comments?post=864173"}],"version-history":[{"count":1,"href":"https:\/\/www.albinfo.at\/de\/wp-json\/wp\/v2\/posts\/864173\/revisions"}],"predecessor-version":[{"id":864174,"href":"https:\/\/www.albinfo.at\/de\/wp-json\/wp\/v2\/posts\/864173\/revisions\/864174"}],"wp:featuredmedia":[{"embeddable":true,"href":"https:\/\/www.albinfo.at\/de\/wp-json\/wp\/v2\/media\/864021"}],"wp:attachment":[{"href":"https:\/\/www.albinfo.at\/de\/wp-json\/wp\/v2\/media?parent=864173"}],"wp:term":[{"taxonomy":"category","embeddable":true,"href":"https:\/\/www.albinfo.at\/de\/wp-json\/wp\/v2\/categories?post=864173"},{"taxonomy":"post_tag","embeddable":true,"href":"https:\/\/www.albinfo.at\/de\/wp-json\/wp\/v2\/tags?post=864173"},{"taxonomy":"vendi","embeddable":true,"href":"https:\/\/www.albinfo.at\/de\/wp-json\/wp\/v2\/vendi?post=864173"},{"taxonomy":"content_country","embeddable":true,"href":"https:\/\/www.albinfo.at\/de\/wp-json\/wp\/v2\/content_country?post=864173"}],"curies":[{"name":"wp","href":"https:\/\/api.w.org\/{rel}","templated":true}]}}