{"id":863974,"date":"2025-09-30T22:41:19","date_gmt":"2025-09-30T20:41:19","guid":{"rendered":"https:\/\/www.albinfo.ch\/?p=863974"},"modified":"2025-09-30T22:41:55","modified_gmt":"2025-09-30T20:41:55","slug":"kurti-aus-new-york-kosovo-ein-unerschuetterlicher-verbuendeter-der-usa","status":"publish","type":"post","link":"https:\/\/www.albinfo.at\/de\/kurti-aus-new-york-kosovo-ein-unerschuetterlicher-verbuendeter-der-usa\/","title":{"rendered":"Kurti aus New York: Kosovo, ein unersch\u00fctterlicher Verb\u00fcndeter der USA"},"content":{"rendered":"<p data-start=\"3661\" data-end=\"4131\">Der kosovarische Premierminister Albin Kurti nahm w\u00e4hrend seines Besuchs in New York an einer Diskussion des Hudson Institute zum Thema &#8220;Die wachsende Partnerschaft Kosovo-USA in Verteidigung und Entwicklung&#8221; teil. In seiner Rede betonte Kurti, dass die Beziehungen zwischen Kosovo und den Vereinigten Staaten sich von einer Nachkriegspartnerschaft zu einer umfassenden politischen, milit\u00e4rischen und entwicklungspolitischen Allianz entwickelt haben.<\/p>\n<p data-start=\"4133\" data-end=\"4442\">&#8220;Das Kosovo ist heute nicht mehr nur ein Nachkriegstaat unter dem Schutz der NATO, sondern ein vertrauensw\u00fcrdiger Verb\u00fcndeter und ein Beitragender zur Sicherheit. Mit den USA teilen wir nicht nur Werte, sondern auch konkrete Ma\u00dfnahmen in den Bereichen Verteidigung, Diplomatie und Entwicklung&#8221;, sagte Kurti.<\/p>\n<p data-start=\"4444\" data-end=\"4915\"><strong data-start=\"4444\" data-end=\"4475\">Verteidigung und Sicherheit<\/strong><br data-start=\"4475\" data-end=\"4478\" \/>Der Regierungschef erinnerte an die entscheidende Rolle der NATO im Jahr 1999 und hob hervor, dass die Befreiung des Kosovo und der Weg in die Unabh\u00e4ngigkeit durch das Eingreifen des B\u00fcndnisses und die unersch\u00fctterliche Unterst\u00fctzung der USA erm\u00f6glicht wurden. Er unterstrich die Transformation der Kosovo-Sicherheitskr\u00e4fte (FSK), die mittlerweile an internationalen Missionen teilnehmen und ihre Kapazit\u00e4ten deutlich gesteigert haben.<\/p>\n<p data-start=\"4917\" data-end=\"5398\">Kurti sprach vom Vervierfachen des Verteidigungsbudgets, dem Kauf moderner Systeme wie Javelin, UAVs und ASVs sowie von Gespr\u00e4chen \u00fcber Black-Hawk-Helikopter. Er betonte, dass das Kosovo nun Teil fortgeschrittener Abkommen mit den USA zum Schutz klassifizierter Informationen sei und eng bei der Unterst\u00fctzung der Ukraine zusammenarbeite &#8211; durch Ausbildung von Personal, Spenden von Ausr\u00fcstung und die Umsetzung von Sanktionen gegen Russland, Belarus, den Iran und die Hisbollah.<\/p>\n<p data-start=\"5400\" data-end=\"5720\"><strong data-start=\"5400\" data-end=\"5431\">Wirtschaftliche Entwicklung<\/strong><br data-start=\"5431\" data-end=\"5434\" \/>In wirtschaftlicher Hinsicht hob Kurti die zentrale Rolle der USA als strategischen Partner hervor. &#8220;Meine Regierung hat die Z\u00f6lle f\u00fcr alle in den USA produzierten Waren auf 0 % gesenkt, um unsere Handelsbeziehungen zu st\u00e4rken und amerikanische Investitionen zu f\u00f6rdern&#8221;, erkl\u00e4rte er.<\/p>\n<p data-start=\"5722\" data-end=\"6042\">Er verwies zudem auf den Zuschuss von \u00fcber 200 Millionen Dollar des MCC Compact, der auf Energiespeicherung in Batterien fokussiert ist, sowie auf Projekte von General Electric zur Modernisierung des Kraftwerks Kosova B. Diese Investitionen seien laut ihm sowohl wirtschaftliche Entwicklung als auch Energiesicherheit.<\/p>\n<p data-start=\"6044\" data-end=\"6425\"><strong data-start=\"6044\" data-end=\"6066\">Regionaler Kontext<\/strong><br data-start=\"6066\" data-end=\"6069\" \/>Kurti warnte vor der Gefahr, die Russland in der Region darstellt, und vor der destabilisierenden Rolle Serbiens. Er kritisierte den serbischen Pr\u00e4sidenten Aleksandar Vu\u010di\u0107 daf\u00fcr, dass er Sanktionen gegen Moskau verweigere und enge Beziehungen zum Kreml pflege, und bezeichnete dieses Vorgehen als &#8220;Spiel auf Zeit und Ausnutzen der Spaltungen in der EU&#8221;.<\/p>\n<p data-start=\"6427\" data-end=\"6611\">&#8220;Das Kosovo ist die erste Verteidigungslinie gegen gef\u00e4hrliche Einfl\u00fcsse. Unsere Institutionen sind stark, transparent und eng mit unseren westlichen Partnern verbunden&#8221;, betonte er.<\/p>\n<p data-start=\"6613\" data-end=\"6899\"><strong data-start=\"6613\" data-end=\"6640\">Abschlie\u00dfende Botschaft<\/strong><br data-start=\"6640\" data-end=\"6643\" \/>Zum Abschluss seiner Rede hob Premierminister Kurti hervor, dass das Kosovo nicht nur als Empf\u00e4nger der Unterst\u00fctzung der NATO und der USA gesehen werden wolle, sondern als Sicherheitsgarant, Partner in der Entwicklung und unersch\u00fctterlicher Verb\u00fcndeter.<\/p>\n<p data-start=\"6901\" data-end=\"7187\" data-is-last-node=\"\" data-is-only-node=\"\">&#8220;In einer Region, in der der russische Einfluss Spaltungen ausnutzt, steht das Kosovo fest an der Seite der Vereinigten Staaten\u00a0 in Worten, in Politik und in Taten&#8221;, sagte er und f\u00fcgte hinzu, dass die Partnerschaft Kosovo -USA auf Prinzipien, Werten und gemeinsamen Interessen beruhe.<\/p>\n","protected":false},"excerpt":{"rendered":"<p>Kurti im Hudson Institute: Die Partnerschaft Kosovo\u2013USA tritt in eine neue Phase ein<\/p>\n","protected":false},"author":6,"featured_media":863778,"comment_status":"closed","ping_status":"closed","sticky":false,"template":"","format":"standard","meta":{"footnotes":""},"categories":[1110],"tags":[],"vendi":[],"content_country":[],"class_list":["post-863974","post","type-post","status-publish","format-standard","has-post-thumbnail","hentry","category-unkategorisiert"],"acf":[],"_links":{"self":[{"href":"https:\/\/www.albinfo.at\/de\/wp-json\/wp\/v2\/posts\/863974","targetHints":{"allow":["GET"]}}],"collection":[{"href":"https:\/\/www.albinfo.at\/de\/wp-json\/wp\/v2\/posts"}],"about":[{"href":"https:\/\/www.albinfo.at\/de\/wp-json\/wp\/v2\/types\/post"}],"author":[{"embeddable":true,"href":"https:\/\/www.albinfo.at\/de\/wp-json\/wp\/v2\/users\/6"}],"replies":[{"embeddable":true,"href":"https:\/\/www.albinfo.at\/de\/wp-json\/wp\/v2\/comments?post=863974"}],"version-history":[{"count":1,"href":"https:\/\/www.albinfo.at\/de\/wp-json\/wp\/v2\/posts\/863974\/revisions"}],"predecessor-version":[{"id":863975,"href":"https:\/\/www.albinfo.at\/de\/wp-json\/wp\/v2\/posts\/863974\/revisions\/863975"}],"wp:featuredmedia":[{"embeddable":true,"href":"https:\/\/www.albinfo.at\/de\/wp-json\/wp\/v2\/media\/863778"}],"wp:attachment":[{"href":"https:\/\/www.albinfo.at\/de\/wp-json\/wp\/v2\/media?parent=863974"}],"wp:term":[{"taxonomy":"category","embeddable":true,"href":"https:\/\/www.albinfo.at\/de\/wp-json\/wp\/v2\/categories?post=863974"},{"taxonomy":"post_tag","embeddable":true,"href":"https:\/\/www.albinfo.at\/de\/wp-json\/wp\/v2\/tags?post=863974"},{"taxonomy":"vendi","embeddable":true,"href":"https:\/\/www.albinfo.at\/de\/wp-json\/wp\/v2\/vendi?post=863974"},{"taxonomy":"content_country","embeddable":true,"href":"https:\/\/www.albinfo.at\/de\/wp-json\/wp\/v2\/content_country?post=863974"}],"curies":[{"name":"wp","href":"https:\/\/api.w.org\/{rel}","templated":true}]}}