{"id":863792,"date":"2025-09-29T16:30:41","date_gmt":"2025-09-29T14:30:41","guid":{"rendered":"https:\/\/www.albinfo.ch\/?p=863792"},"modified":"2025-09-30T10:01:40","modified_gmt":"2025-09-30T08:01:40","slug":"er-stellte-kosovo-vor-die-schweiz-ademi-albiani-entschied-sich-mit-dem-herzen-und-durch-eine-starke-verbundenheit-mit-der-heimat","status":"publish","type":"post","link":"https:\/\/www.albinfo.at\/de\/er-stellte-kosovo-vor-die-schweiz-ademi-albiani-entschied-sich-mit-dem-herzen-und-durch-eine-starke-verbundenheit-mit-der-heimat\/","title":{"rendered":"Er stellte Kosovo vor die Schweiz, Ademi: Albiani entschied sich mit dem Herzen und durch eine starke Verbundenheit mit der Heimat"},"content":{"rendered":"<p data-start=\"2079\" data-end=\"2316\">Albian Hajdari ist der j\u00fcngste Fu\u00dfballer, der in die Nationalmannschaft des Kosovo berufen wurde. Er hat sich entschieden, f\u00fcr den Kosovo zu spielen, obwohl er zuvor in allen Nachwuchskategorien der Schweiz aktiv war.<\/p>\n<p data-start=\"2318\" data-end=\"2545\">Der Pr\u00e4sident des Fu\u00dfballverbands des Kosovo, Agim Ademi, betonte in einem Interview mit KosovaPress, dass Hajdaris Entscheidung aus seiner tiefen Verbundenheit mit der Heimat und dem gro\u00dfen Einfluss seiner Eltern resultiert.<\/p>\n<p data-start=\"2547\" data-end=\"2868\">&#8220;Albian Hajdari hat sich mit dem Herzen f\u00fcr den Kosovo entschieden, im Vertrauen auf sein Herkunftsland. Ich danke seinen Eltern, die ihn mit Liebe zur Heimat erzogen haben, obwohl er in der Schweiz geboren und aufgewachsen ist. Die Schweiz versteht die Bedeutung der Verbindung zu Herkunft und Identit\u00e4t&#8221;, sagte Ademi.<\/p>\n<p data-start=\"2870\" data-end=\"3062\">Er f\u00fcgte hinzu, dass dies nur eine der neuen Verst\u00e4rkungen f\u00fcr die Nationalmannschaft sei, und erw\u00e4hnte auch andere Spieler wie Fisnik Asllani und Leon Avdullahu, die bei Hoffenheim spielen.<\/p>\n<p data-start=\"3064\" data-end=\"3182\">&#8220;Ich w\u00fcnsche allen, dass sie weiterhin Erfolg in ihren Vereinen und in der Nationalmannschaft haben&#8221;, schloss Ademi.<\/p>\n<p data-start=\"3184\" data-end=\"3467\">Dies ist der zweite Fall innerhalb weniger Wochen, dass sich ein im Ausland geborener oder aufgewachsener Spieler entscheidet, f\u00fcr den Kosovo zu spielen, nach Leon Avdullahu. Ademi schlie\u00dft jedoch jegliche Konflikte mit dem Schweizerischen Fu\u00dfballverband aus, berichtet albinfo.ch.<\/p>\n<p data-start=\"3469\" data-end=\"3685\">&#8220;Wir haben keinen Konflikt mit der Schweiz. Unsere Beziehungen sind sehr gut. Wir w\u00fcnschen dem Schweizer Team Erfolg, und sie w\u00e4hlen die besten Spieler aus, genauso wie wir es mit unseren Spielern tun&#8221;, betonte er.<\/p>\n<p data-start=\"3687\" data-end=\"4016\">Auf die Frage, ob Hajdari der Ersatz f\u00fcr Amir Rrahmani in der Innenverteidigung sei, sagte Ademi:<br data-start=\"3784\" data-end=\"3787\" \/>&#8220;Albian ist erst 21 Jahre alt und wird voraussichtlich viele Jahre Teil der Nationalmannschaft sein. Er ist nicht nur ein Ersatz f\u00fcr Rrahmani, sondern wir werden mit ihm ein Duo aufbauen, da Rrahmani jetzt nicht aufh\u00f6ren wird.&#8221;<\/p>\n<p data-start=\"4018\" data-end=\"4192\">Zum Schluss betonte Ademi, dass der Fu\u00dfballverband des Kosovo weiterhin junge Talente suchen und f\u00f6rdern werde, die zum Fortschritt der Nationalmannschaft beitragen k\u00f6nnen.<\/p>\n<p>&nbsp;<\/p>\n","protected":false},"excerpt":{"rendered":"<p>Albian Hajdari ist der j\u00fcngste Fu\u00dfballer, der in die Nationalmannschaft des Kosovo berufen wurde. Er hat sich entschieden, f\u00fcr den Kosovo zu spielen, obwohl er zuvor in allen Nachwuchskategorien der Schweiz aktiv war. Der Pr\u00e4sident des Fu\u00dfballverbands des Kosovo, Agim Ademi, betonte in einem Interview mit KosovaPress, dass Hajdaris Entscheidung aus seiner tiefen Verbundenheit mit [&hellip;]<\/p>\n","protected":false},"author":6,"featured_media":863626,"comment_status":"closed","ping_status":"closed","sticky":false,"template":"","format":"standard","meta":{"footnotes":""},"categories":[1110],"tags":[],"vendi":[],"content_country":[],"class_list":["post-863792","post","type-post","status-publish","format-standard","has-post-thumbnail","hentry","category-unkategorisiert"],"acf":[],"_links":{"self":[{"href":"https:\/\/www.albinfo.at\/de\/wp-json\/wp\/v2\/posts\/863792","targetHints":{"allow":["GET"]}}],"collection":[{"href":"https:\/\/www.albinfo.at\/de\/wp-json\/wp\/v2\/posts"}],"about":[{"href":"https:\/\/www.albinfo.at\/de\/wp-json\/wp\/v2\/types\/post"}],"author":[{"embeddable":true,"href":"https:\/\/www.albinfo.at\/de\/wp-json\/wp\/v2\/users\/6"}],"replies":[{"embeddable":true,"href":"https:\/\/www.albinfo.at\/de\/wp-json\/wp\/v2\/comments?post=863792"}],"version-history":[{"count":1,"href":"https:\/\/www.albinfo.at\/de\/wp-json\/wp\/v2\/posts\/863792\/revisions"}],"predecessor-version":[{"id":863794,"href":"https:\/\/www.albinfo.at\/de\/wp-json\/wp\/v2\/posts\/863792\/revisions\/863794"}],"wp:featuredmedia":[{"embeddable":true,"href":"https:\/\/www.albinfo.at\/de\/wp-json\/wp\/v2\/media\/863626"}],"wp:attachment":[{"href":"https:\/\/www.albinfo.at\/de\/wp-json\/wp\/v2\/media?parent=863792"}],"wp:term":[{"taxonomy":"category","embeddable":true,"href":"https:\/\/www.albinfo.at\/de\/wp-json\/wp\/v2\/categories?post=863792"},{"taxonomy":"post_tag","embeddable":true,"href":"https:\/\/www.albinfo.at\/de\/wp-json\/wp\/v2\/tags?post=863792"},{"taxonomy":"vendi","embeddable":true,"href":"https:\/\/www.albinfo.at\/de\/wp-json\/wp\/v2\/vendi?post=863792"},{"taxonomy":"content_country","embeddable":true,"href":"https:\/\/www.albinfo.at\/de\/wp-json\/wp\/v2\/content_country?post=863792"}],"curies":[{"name":"wp","href":"https:\/\/api.w.org\/{rel}","templated":true}]}}