{"id":862320,"date":"2025-09-23T22:09:57","date_gmt":"2025-09-23T20:09:57","guid":{"rendered":"https:\/\/www.albinfo.ch\/?p=862320"},"modified":"2025-09-23T22:10:49","modified_gmt":"2025-09-23T20:10:49","slug":"schwedische-zeitung-das-kleine-kosovo-hat-grosse-traeume-fuer-den-tourismus","status":"publish","type":"post","link":"https:\/\/www.albinfo.at\/de\/schwedische-zeitung-das-kleine-kosovo-hat-grosse-traeume-fuer-den-tourismus\/","title":{"rendered":"Schwedische Zeitung: Das kleine Kosovo hat gro\u00dfe Tr\u00e4ume f\u00fcr den Tourismus"},"content":{"rendered":"<p data-start=\"902\" data-end=\"1123\">Die renommierte schwedische Zeitung <em data-start=\"938\" data-end=\"957\">Svenska Dagbladet<\/em> hat dem Kosovo einen besonderen Artikel gewidmet und es als ein neues, vielversprechendes Reiseziel f\u00fcr internationale Touristen vorgestellt, berichtet albinfo.ch.<\/p>\n<p data-start=\"1125\" data-end=\"1389\">Laut dem Artikel hat Kosovo, obwohl ein kleines Land im Herzen des Balkans, ein gro\u00dfes Potenzial, Besucher anzuziehen\u00a0 dank der einzigartigen Kombination aus unber\u00fchrter Natur, reicher Kultur und einer Gastfreundschaft, die jedem Reisenden in Erinnerung bleibt.<\/p>\n<p data-start=\"1391\" data-end=\"1535\">Beeindruckende Natur &#8211; Berge, T\u00e4ler und Nationalparks bieten atemberaubende Landschaften f\u00fcr Wanderer, Bergsteiger und Abenteuerliebhaber.<\/p>\n<p data-start=\"1537\" data-end=\"1717\">Authentische K\u00fcche &#8211; Die lokale Kochtradition, die auf frischen Produkten und besonderen Aromen basiert, ist Teil eines Erlebnisses, das Touristen so schnell nicht vergessen.<\/p>\n<p><a href=\"https:\/\/www.svd.se\/a\/MnO4xM\/resa-i-kosovo-att-besoka-europas-yngsta-nation?fbclid=IwY2xjawM-lFpleHRuA2FlbQIxMQABHq9xGnlpvKLuYjr80BdI1ShvoNm62v3YqM0n0Pj7Mq5pL32esjeqhxk_8mVN_aem_lfSOFB2_y-T9tR7LDiVaDA\">https:\/\/www.svd.se\/a\/MnO4xM\/resa-i-kosovo-att-besoka-europas-yngsta-nation?fbclid=IwY2xjawM-lFpleHRuA2FlbQIxMQABHq9xGnlpvKLuYjr80BdI1ShvoNm62v3YqM0n0Pj7Mq5pL32esjeqhxk_8mVN_aem_lfSOFB2_y-T9tR7LDiVaDA<\/a><\/p>\n<p data-start=\"996\" data-end=\"1207\">Einzigartige Architektur und Kultur &#8211; Von historischen Monumenten bis hin zu ikonischen Geb\u00e4uden wie der Nationalbibliothek in Pristina bietet Kosovo ein Mosaik aus kulturellem Erbe und moderner Identit\u00e4t.<\/p>\n<p data-start=\"1209\" data-end=\"1384\">Herzliche Gastfreundschaft &#8211; Einer der gr\u00f6\u00dften Werte des Landes ist die N\u00e4he und Gro\u00dfz\u00fcgigkeit seiner Menschen, die bei jedem Gast einen bleibenden Eindruck hinterl\u00e4sst.<\/p>\n<p data-start=\"1386\" data-end=\"1790\">Der Artikel hebt au\u00dferdem die Energie und Kreativit\u00e4t der jungen kosovarischen Generation hervor, die das Bild des Kosovo als touristisches Ziel formt, das weit mehr bietet als nur klassische Besichtigungen. Von Spazierg\u00e4ngen durch historische St\u00e4dte bis hin zu modernen Festivals und kulturellen Veranstaltungen ist Kosovo bereit, seine Geschichte zu erz\u00e4hlen und G\u00e4ste mit offenen Armen zu empfangen.<\/p>\n<p data-start=\"1792\" data-end=\"1912\">&#8221; Kosovo ist klein auf der Landkarte, aber seine Tr\u00e4ume f\u00fcr den Tourismus sind gro\u00df &#8220;, schlie\u00dft die schwedische Zeitung.<\/p>\n","protected":false},"excerpt":{"rendered":"<p>Die schwedische Zeitung lobt das touristische Potenzial des Kosovo.<\/p>\n","protected":false},"author":6,"featured_media":862160,"comment_status":"closed","ping_status":"closed","sticky":false,"template":"","format":"standard","meta":{"footnotes":""},"categories":[3952,24631,24656,1129],"tags":[],"vendi":[],"content_country":[29888,31836,31837],"class_list":["post-862320","post","type-post","status-publish","format-standard","has-post-thumbnail","hentry","category-kosova-de","category-nachrichten-de-2","category-tourismus","category-ch-balkan","content_country-zvicer","content_country-austria-de","content_country-germany-de"],"acf":[],"_links":{"self":[{"href":"https:\/\/www.albinfo.at\/de\/wp-json\/wp\/v2\/posts\/862320","targetHints":{"allow":["GET"]}}],"collection":[{"href":"https:\/\/www.albinfo.at\/de\/wp-json\/wp\/v2\/posts"}],"about":[{"href":"https:\/\/www.albinfo.at\/de\/wp-json\/wp\/v2\/types\/post"}],"author":[{"embeddable":true,"href":"https:\/\/www.albinfo.at\/de\/wp-json\/wp\/v2\/users\/6"}],"replies":[{"embeddable":true,"href":"https:\/\/www.albinfo.at\/de\/wp-json\/wp\/v2\/comments?post=862320"}],"version-history":[{"count":1,"href":"https:\/\/www.albinfo.at\/de\/wp-json\/wp\/v2\/posts\/862320\/revisions"}],"predecessor-version":[{"id":862321,"href":"https:\/\/www.albinfo.at\/de\/wp-json\/wp\/v2\/posts\/862320\/revisions\/862321"}],"wp:featuredmedia":[{"embeddable":true,"href":"https:\/\/www.albinfo.at\/de\/wp-json\/wp\/v2\/media\/862160"}],"wp:attachment":[{"href":"https:\/\/www.albinfo.at\/de\/wp-json\/wp\/v2\/media?parent=862320"}],"wp:term":[{"taxonomy":"category","embeddable":true,"href":"https:\/\/www.albinfo.at\/de\/wp-json\/wp\/v2\/categories?post=862320"},{"taxonomy":"post_tag","embeddable":true,"href":"https:\/\/www.albinfo.at\/de\/wp-json\/wp\/v2\/tags?post=862320"},{"taxonomy":"vendi","embeddable":true,"href":"https:\/\/www.albinfo.at\/de\/wp-json\/wp\/v2\/vendi?post=862320"},{"taxonomy":"content_country","embeddable":true,"href":"https:\/\/www.albinfo.at\/de\/wp-json\/wp\/v2\/content_country?post=862320"}],"curies":[{"name":"wp","href":"https:\/\/api.w.org\/{rel}","templated":true}]}}