{"id":861947,"date":"2025-09-21T21:00:26","date_gmt":"2025-09-21T19:00:26","guid":{"rendered":"https:\/\/www.albinfo.ch\/?p=861947"},"modified":"2025-09-21T21:01:47","modified_gmt":"2025-09-21T19:01:47","slug":"der-kosovo-glaenzt-auf-dem-technofest-2025-und-erreicht-das-finale-des-internationalen-technologie-festivals","status":"publish","type":"post","link":"https:\/\/www.albinfo.at\/de\/der-kosovo-glaenzt-auf-dem-technofest-2025-und-erreicht-das-finale-des-internationalen-technologie-festivals\/","title":{"rendered":"Der Kosovo gl\u00e4nzt auf dem Technofest 2025 und erreicht das Finale des Internationalen Technologie-Festivals."},"content":{"rendered":"<p data-start=\"1696\" data-end=\"1996\">Ein historischer Erfolg f\u00fcr Kosovo im Bereich der Technologie. Das kosovarische Team &#8221; EngineeringHER Future &#8221; ist das einzige, das es ins Finale des TEKNOFEST 2025 geschafft hat dem gr\u00f6\u00dften internationalen Festival f\u00fcr Luftfahrt, Raumfahrt und Technologie, das dieses Jahr in Istanbul stattfand.<\/p>\n<p data-start=\"1998\" data-end=\"2274\">Diese Ausgabe des TEKNOFEST zog \u00fcber 565 000 Teams und 1,2 Millionen Teilnehmer aus 96 L\u00e4ndern an. Die Vertretung Kosovos unter den Finalisten ist daher ein au\u00dfergew\u00f6hnlicher Erfolg und ein Beweis f\u00fcr das Potenzial unserer Jugend in Wissenschaft, Innovation und Technologie.<\/p>\n<p data-start=\"2276\" data-end=\"2717\">W\u00e4hrend ihres Aufenthalts in Istanbul traf das Team Sel\u00e7uk Bayraktar, Direktor des t\u00fcrkischen Technologieunternehmens Baykar und Leiter des TEKNOFEST. Er besuchte den Kosovo-Stand und machte sich aus erster Hand mit dem Projekt &#8221; EngineeringHER Future &#8221; vertraut. Dieses Treffen ist ein wichtiger Moment, da es internationale Anerkennung und Motivation f\u00fcr die junge Generation bietet, die sich f\u00fcr Technologie und Innovation interessiert.<\/p>\n<p data-start=\"2719\" data-end=\"3088\">&#8221; Dieser Erfolg hat eine besondere Bedeutung f\u00fcr die B\u00fcrger des Kosovo, insbesondere f\u00fcr die Jugendlichen, die sich mit Wissenschaft, Technologie und Unternehmertum besch\u00e4ftigen wollen. Wir sind stolz darauf, unser Land bei einer so wichtigen Veranstaltung vertreten zu haben, und hoffen, dass unsere Geschichte viele andere inspiriert &#8220;, betonten die Teammitglieder.<\/p>\n<p data-start=\"3090\" data-end=\"3261\">W\u00e4hrend der f\u00fcnf Festivaltage pr\u00e4sentierten die Teilnehmer Erfindungen in den Bereichen Robotik, k\u00fcnstliche Intelligenz, Raumfahrt, digitale Medizin und Cybersicherheit.<\/p>\n","protected":false},"excerpt":{"rendered":"<p>Ein historischer Erfolg f\u00fcr Kosovo im Bereich der Technologie. Das kosovarische Team &#8221; EngineeringHER Future &#8221; ist das einzige, das es ins Finale des TEKNOFEST 2025 geschafft hat dem gr\u00f6\u00dften internationalen Festival f\u00fcr Luftfahrt, Raumfahrt und Technologie, das dieses Jahr in Istanbul stattfand. Diese Ausgabe des TEKNOFEST zog \u00fcber 565 000 Teams und 1,2 Millionen [&hellip;]<\/p>\n","protected":false},"author":6,"featured_media":861871,"comment_status":"closed","ping_status":"closed","sticky":false,"template":"","format":"standard","meta":{"footnotes":""},"categories":[33056,23263,1130,3952,23269,23262,24621,24631,24635,1129],"tags":[],"vendi":[],"content_country":[29888,31836,31837],"class_list":["post-861947","post","type-post","status-publish","format-standard","has-post-thumbnail","hentry","category-de-balkani-de","category-kosova-de-2","category-aktuell","category-kosova-de","category-news","category-at-balkani-de","category-kosova-de-3","category-nachrichten-de-2","category-nachrichten-de-3","category-ch-balkan","content_country-zvicer","content_country-austria-de","content_country-germany-de"],"acf":[],"_links":{"self":[{"href":"https:\/\/www.albinfo.at\/de\/wp-json\/wp\/v2\/posts\/861947","targetHints":{"allow":["GET"]}}],"collection":[{"href":"https:\/\/www.albinfo.at\/de\/wp-json\/wp\/v2\/posts"}],"about":[{"href":"https:\/\/www.albinfo.at\/de\/wp-json\/wp\/v2\/types\/post"}],"author":[{"embeddable":true,"href":"https:\/\/www.albinfo.at\/de\/wp-json\/wp\/v2\/users\/6"}],"replies":[{"embeddable":true,"href":"https:\/\/www.albinfo.at\/de\/wp-json\/wp\/v2\/comments?post=861947"}],"version-history":[{"count":2,"href":"https:\/\/www.albinfo.at\/de\/wp-json\/wp\/v2\/posts\/861947\/revisions"}],"predecessor-version":[{"id":861949,"href":"https:\/\/www.albinfo.at\/de\/wp-json\/wp\/v2\/posts\/861947\/revisions\/861949"}],"wp:featuredmedia":[{"embeddable":true,"href":"https:\/\/www.albinfo.at\/de\/wp-json\/wp\/v2\/media\/861871"}],"wp:attachment":[{"href":"https:\/\/www.albinfo.at\/de\/wp-json\/wp\/v2\/media?parent=861947"}],"wp:term":[{"taxonomy":"category","embeddable":true,"href":"https:\/\/www.albinfo.at\/de\/wp-json\/wp\/v2\/categories?post=861947"},{"taxonomy":"post_tag","embeddable":true,"href":"https:\/\/www.albinfo.at\/de\/wp-json\/wp\/v2\/tags?post=861947"},{"taxonomy":"vendi","embeddable":true,"href":"https:\/\/www.albinfo.at\/de\/wp-json\/wp\/v2\/vendi?post=861947"},{"taxonomy":"content_country","embeddable":true,"href":"https:\/\/www.albinfo.at\/de\/wp-json\/wp\/v2\/content_country?post=861947"}],"curies":[{"name":"wp","href":"https:\/\/api.w.org\/{rel}","templated":true}]}}