{"id":860999,"date":"2025-09-17T18:45:15","date_gmt":"2025-09-17T16:45:15","guid":{"rendered":"https:\/\/www.albinfo.ch\/?p=860999"},"modified":"2025-09-17T18:46:51","modified_gmt":"2025-09-17T16:46:51","slug":"florian-isaku-weltmeister-mit-oesterreich-im-strassenbahnrennen","status":"publish","type":"post","link":"https:\/\/www.albinfo.at\/de\/florian-isaku-weltmeister-mit-oesterreich-im-strassenbahnrennen\/","title":{"rendered":"Florian Isaku, Weltmeister mit \u00d6sterreich im Stra\u00dfenbahnrennen"},"content":{"rendered":"<p data-start=\"1448\" data-end=\"1706\">Florian Isaku, geboren in Ki\u010devo und mit Wurzeln im Dorf Zhubrin\u00eb in Nordmazedonien, hat Geschichte geschrieben, indem er den ersten Platz bei der Weltmeisterschaft der Stra\u00dfenbahnfahrer in der \u00f6sterreichischen Hauptstadt Wien gewann, berichtet albinfo.at.<\/p>\n<p data-start=\"1708\" data-end=\"2036\">An diesem prestigetr\u00e4chtigen Wettbewerb, der am 13. September 2025 stattfand, nahmen Teams aus sechs Kontinenten und 28 verschiedenen L\u00e4ndern teil. \u00d6sterreich wurde von Elisabeth Urbanitsch und Florian Isaku vertreten. Letzterer erreichte den gr\u00f6\u00dften Erfolg, indem er unter 25 teilnehmenden Teams zum Weltmeister gek\u00fcrt wurde.<\/p>\n<p data-start=\"2038\" data-end=\"2309\">Die Meisterschaft umfasst acht verschiedene Disziplinen, die die F\u00e4higkeiten der Stra\u00dfenbahnfahrer testen, darunter \u201eStop &amp; Go\u201c, \u201eGeschwindigkeit halten\u201c, \u201eZielbremsen\u201c, \u201eStra\u00dfenbahn-Bowling\u201c, \u201eR\u00fcckw\u00e4rtsfahrt\u201c, \u201eSeitenabstand\u201c, \u201eExakter Halt\u201c und \u201eStra\u00dfenbahn-Curling\u201c.<\/p>\n<p data-start=\"2311\" data-end=\"2654\">Dieser Triumph von Florian Isaku ist nicht nur ein sportlicher Erfolg f\u00fcr \u00d6sterreich, sondern auch ein Moment des Stolzes f\u00fcr die Albaner in der Diaspora. Mit Engagement und Talent hat er gezeigt, dass internationale Erfolge auch in ungew\u00f6hnlichen Bereichen m\u00f6glich sind, und er hat seinen Namen und den von Ki\u010devo auf die Weltb\u00fchne gesetzt.<\/p>\n<p class=\"p1\"><a href=\"https:\/\/www.albinfo.ch\/wp-content\/uploads\/2025\/09\/img_2677.jpeg\"><img loading=\"lazy\" decoding=\"async\" class=\"alignnone wp-image-860854\" src=\"https:\/\/www.albinfo.ch\/wp-content\/uploads\/2025\/09\/img_2677-1024x701.jpeg\" alt=\"\" width=\"500\" height=\"342\" srcset=\"https:\/\/www.albinfo.at\/wp-content\/uploads\/2025\/09\/img_2677-1024x701.jpeg 1024w, https:\/\/www.albinfo.at\/wp-content\/uploads\/2025\/09\/img_2677-300x205.jpeg 300w, https:\/\/www.albinfo.at\/wp-content\/uploads\/2025\/09\/img_2677-768x526.jpeg 768w, https:\/\/www.albinfo.at\/wp-content\/uploads\/2025\/09\/img_2677-579x396.jpeg 579w, https:\/\/www.albinfo.at\/wp-content\/uploads\/2025\/09\/img_2677-146x100.jpeg 146w, https:\/\/www.albinfo.at\/wp-content\/uploads\/2025\/09\/img_2677-256x175.jpeg 256w, https:\/\/www.albinfo.at\/wp-content\/uploads\/2025\/09\/img_2677.jpeg 1080w\" sizes=\"auto, (max-width: 500px) 100vw, 500px\" \/><\/a><\/p>\n","protected":false},"excerpt":{"rendered":"<p>Florian Isaku macht die albanische Diaspora stolz mit dem Weltmeistertitel in Wien<\/p>\n","protected":false},"author":6,"featured_media":860853,"comment_status":"closed","ping_status":"closed","sticky":false,"template":"","format":"standard","meta":{"footnotes":""},"categories":[24636,24641,1134,22803,23120,23122,23124,24631,1133,1139],"tags":[],"vendi":[],"content_country":[29888,31836,31837],"class_list":["post-860999","post","type-post","status-publish","format-standard","has-post-thumbnail","hentry","category-nachrichten-de-4","category-andere-de-2","category-integration","category-leben-in-osterreich-de","category-nachrichten","category-kurz-at","category-thematisch","category-nachrichten-de-2","category-e-diaspora-de","category-sport","content_country-zvicer","content_country-austria-de","content_country-germany-de"],"acf":[],"_links":{"self":[{"href":"https:\/\/www.albinfo.at\/de\/wp-json\/wp\/v2\/posts\/860999","targetHints":{"allow":["GET"]}}],"collection":[{"href":"https:\/\/www.albinfo.at\/de\/wp-json\/wp\/v2\/posts"}],"about":[{"href":"https:\/\/www.albinfo.at\/de\/wp-json\/wp\/v2\/types\/post"}],"author":[{"embeddable":true,"href":"https:\/\/www.albinfo.at\/de\/wp-json\/wp\/v2\/users\/6"}],"replies":[{"embeddable":true,"href":"https:\/\/www.albinfo.at\/de\/wp-json\/wp\/v2\/comments?post=860999"}],"version-history":[{"count":1,"href":"https:\/\/www.albinfo.at\/de\/wp-json\/wp\/v2\/posts\/860999\/revisions"}],"predecessor-version":[{"id":861000,"href":"https:\/\/www.albinfo.at\/de\/wp-json\/wp\/v2\/posts\/860999\/revisions\/861000"}],"wp:featuredmedia":[{"embeddable":true,"href":"https:\/\/www.albinfo.at\/de\/wp-json\/wp\/v2\/media\/860853"}],"wp:attachment":[{"href":"https:\/\/www.albinfo.at\/de\/wp-json\/wp\/v2\/media?parent=860999"}],"wp:term":[{"taxonomy":"category","embeddable":true,"href":"https:\/\/www.albinfo.at\/de\/wp-json\/wp\/v2\/categories?post=860999"},{"taxonomy":"post_tag","embeddable":true,"href":"https:\/\/www.albinfo.at\/de\/wp-json\/wp\/v2\/tags?post=860999"},{"taxonomy":"vendi","embeddable":true,"href":"https:\/\/www.albinfo.at\/de\/wp-json\/wp\/v2\/vendi?post=860999"},{"taxonomy":"content_country","embeddable":true,"href":"https:\/\/www.albinfo.at\/de\/wp-json\/wp\/v2\/content_country?post=860999"}],"curies":[{"name":"wp","href":"https:\/\/api.w.org\/{rel}","templated":true}]}}