{"id":860225,"date":"2025-09-13T23:44:23","date_gmt":"2025-09-13T21:44:23","guid":{"rendered":"https:\/\/www.albinfo.ch\/?p=860225"},"modified":"2025-09-13T23:44:55","modified_gmt":"2025-09-13T21:44:55","slug":"der-neue-albanischkurs-wird-in-widnau-im-kanton-st-gallen-eroeffnet","status":"publish","type":"post","link":"https:\/\/www.albinfo.at\/de\/der-neue-albanischkurs-wird-in-widnau-im-kanton-st-gallen-eroeffnet\/","title":{"rendered":"Der neue Albanischkurs wird in Widnau, im Kanton St. Gallen, er\u00f6ffnet."},"content":{"rendered":"<p data-start=\"146\" data-end=\"456\">In Widnau im Kanton St. Gallen wurde offiziell der neue Standort der &#8220;Shkolla Shqipe&#8221; er\u00f6ffnet, unter der Obhut von LAPSH &#8220;Naim Frash\u00ebri&#8221;. Diese Schule reiht sich in das Netzwerk von Dutzenden von Unterrichtsstellen der Muttersprache in diesem Kanton ein, wie in Rebstein, Buchs SG, Mels, Flums, Rorschach, Uznach, Rapperswil \u2013 Jona und anderen.<\/p>\n<p data-start=\"458\" data-end=\"706\">In der ersten Woche schlossen sich mit Freude die Sch\u00fcler Ajana, Liana, Jerina, Aulona, Leona, Lorenti, Shpati und Luani der Klasse an. Den Unterricht leitet die Lehrerin Njomza Maliqi, die die Bedeutung der Muttersprache als \u201eBr\u00fccke, die die Kinder mit ihren Wurzeln verbindet\u201c betonte.<\/p>\n<p data-start=\"708\" data-end=\"913\">Ein besonderer Beitrag zur Er\u00f6ffnung dieses Standorts wurde auch von Herrn Vaxhid Sejdiu, dem Co-Vorsitzenden der LAPSH in der Schweiz, geleistet, der sich \u00e4u\u00dferte:<\/p>\n<p data-start=\"708\" data-end=\"913\">&#8220;Die eigene Muttersprache zu verlieren bedeutet, einen Teil der Seele zu verlieren&#8221;.Die neue Klasse in Widnau ist ein wichtiger Schritt zur Bewahrung der albanischen Sprache, Kultur und Identit\u00e4t bei den jungen Generationen in der Diaspora. Der Unterricht findet jeden Dienstag von 16:30 bis 18:30 Uhr im &#8220;Schulhaus G\u00e4sseli&#8221; statt.<\/p>\n<p data-start=\"1138\" data-end=\"1202\"><a href=\"https:\/\/shkollashqipe.ch\/ne-windau-te-kantonit-st-gallen-hapet-nje-shkolle-e-re-shqipe\/?fbclid=IwY2xjawMyZZ5leHRuA2FlbQIxMQABHgc7LSUOEYZay4NCVAZyRerHsRdrVsREQvJeOVPNvhuHYpvaDscRX7kmQlzH_aem_VZRh8AV7v-HOu-cM9bLxGA\"><strong data-start=\"1138\" data-end=\"1200\">Ejani nx\u00ebn\u00ebs t\u00eb dashur \u2013 shkolla shqipe n\u00eb Widnau ju pret!<\/strong><\/a><\/p>\n","protected":false},"excerpt":{"rendered":"<p>In Widnau im Kanton St. Gallen wurde offiziell der neue Standort der &#8220;Shkolla Shqipe&#8221; er\u00f6ffnet, unter der Obhut von LAPSH &#8220;Naim Frash\u00ebri&#8221;. Diese Schule reiht sich in das Netzwerk von Dutzenden von Unterrichtsstellen der Muttersprache in diesem Kanton ein, wie in Rebstein, Buchs SG, Mels, Flums, Rorschach, Uznach, Rapperswil \u2013 Jona und anderen. In der [&hellip;]<\/p>\n","protected":false},"author":6,"featured_media":860140,"comment_status":"closed","ping_status":"closed","sticky":false,"template":"","format":"standard","meta":{"footnotes":""},"categories":[1134,1136,1133],"tags":[],"vendi":[],"content_country":[29888,31836,31837],"class_list":["post-860225","post","type-post","status-publish","format-standard","has-post-thumbnail","hentry","category-integration","category-sprachen","category-e-diaspora-de","content_country-zvicer","content_country-austria-de","content_country-germany-de"],"acf":[],"_links":{"self":[{"href":"https:\/\/www.albinfo.at\/de\/wp-json\/wp\/v2\/posts\/860225","targetHints":{"allow":["GET"]}}],"collection":[{"href":"https:\/\/www.albinfo.at\/de\/wp-json\/wp\/v2\/posts"}],"about":[{"href":"https:\/\/www.albinfo.at\/de\/wp-json\/wp\/v2\/types\/post"}],"author":[{"embeddable":true,"href":"https:\/\/www.albinfo.at\/de\/wp-json\/wp\/v2\/users\/6"}],"replies":[{"embeddable":true,"href":"https:\/\/www.albinfo.at\/de\/wp-json\/wp\/v2\/comments?post=860225"}],"version-history":[{"count":1,"href":"https:\/\/www.albinfo.at\/de\/wp-json\/wp\/v2\/posts\/860225\/revisions"}],"predecessor-version":[{"id":860226,"href":"https:\/\/www.albinfo.at\/de\/wp-json\/wp\/v2\/posts\/860225\/revisions\/860226"}],"wp:featuredmedia":[{"embeddable":true,"href":"https:\/\/www.albinfo.at\/de\/wp-json\/wp\/v2\/media\/860140"}],"wp:attachment":[{"href":"https:\/\/www.albinfo.at\/de\/wp-json\/wp\/v2\/media?parent=860225"}],"wp:term":[{"taxonomy":"category","embeddable":true,"href":"https:\/\/www.albinfo.at\/de\/wp-json\/wp\/v2\/categories?post=860225"},{"taxonomy":"post_tag","embeddable":true,"href":"https:\/\/www.albinfo.at\/de\/wp-json\/wp\/v2\/tags?post=860225"},{"taxonomy":"vendi","embeddable":true,"href":"https:\/\/www.albinfo.at\/de\/wp-json\/wp\/v2\/vendi?post=860225"},{"taxonomy":"content_country","embeddable":true,"href":"https:\/\/www.albinfo.at\/de\/wp-json\/wp\/v2\/content_country?post=860225"}],"curies":[{"name":"wp","href":"https:\/\/api.w.org\/{rel}","templated":true}]}}