{"id":860217,"date":"2025-09-13T23:28:34","date_gmt":"2025-09-13T21:28:34","guid":{"rendered":"https:\/\/www.albinfo.ch\/?p=860217"},"modified":"2025-09-13T23:29:26","modified_gmt":"2025-09-13T21:29:26","slug":"das-netzwerk-der-albanischen-unternehmen-in-der-schweiz-eine-erfolgsgeschichte","status":"publish","type":"post","link":"https:\/\/www.albinfo.at\/de\/das-netzwerk-der-albanischen-unternehmen-in-der-schweiz-eine-erfolgsgeschichte\/","title":{"rendered":"Das Netzwerk der albanischen Unternehmen in der Schweiz, eine Erfolgsgeschichte"},"content":{"rendered":"<p data-start=\"530\" data-end=\"882\">Die albanischen Unternehmen in der Schweiz stellen seit geraumer Zeit einen wichtigen Bestandteil des Wirtschaftslebens im Land dar. Der Unternehmergeist der hier lebenden Albaner hat in der Schweiz einen g\u00fcnstigen Boden gefunden, um sich harmonisch zu entfalten und in vielen Bereichen der Schweizer Wirtschaft Spitzenleistungen zu erreichen.<\/p>\n<p data-start=\"884\" data-end=\"1102\">Um eine Verbindung zwischen diesen Unternehmen zu schaffen und ihre Entwicklung zu f\u00f6rdern sowie zu unterst\u00fctzen, wurde das Netzwerk der Unternehmen der albanischen Diaspora in der Schweiz (RRBDSH Schweiz) gegr\u00fcndet.<\/p>\n<p><a href=\"https:\/\/www.albinfo.ch\/wp-content\/uploads\/2025\/09\/rrbsh.jpg\"><img loading=\"lazy\" decoding=\"async\" class=\"alignnone size-full wp-image-860114\" src=\"https:\/\/www.albinfo.ch\/wp-content\/uploads\/2025\/09\/rrbsh.jpg\" alt=\"\" width=\"611\" height=\"653\" srcset=\"https:\/\/www.albinfo.at\/wp-content\/uploads\/2025\/09\/rrbsh.jpg 611w, https:\/\/www.albinfo.at\/wp-content\/uploads\/2025\/09\/rrbsh-281x300.jpg 281w, https:\/\/www.albinfo.at\/wp-content\/uploads\/2025\/09\/rrbsh-371x396.jpg 371w, https:\/\/www.albinfo.at\/wp-content\/uploads\/2025\/09\/rrbsh-94x100.jpg 94w, https:\/\/www.albinfo.at\/wp-content\/uploads\/2025\/09\/rrbsh-164x175.jpg 164w\" sizes=\"auto, (max-width: 611px) 100vw, 611px\" \/><\/a><\/p>\n<p>Die Medienplattform Albinfo.ch pr\u00e4sentiert ein Profil dieses Netzwerks durch ein Gespr\u00e4ch mit der Vorsitzenden, Frau Dr. Fatime Berisha Imeri.<\/p>\n<p>\u201c<a href=\"https:\/\/rrbdsh.ch\/\">Rrjeti i Bizneseve t\u00eb Diaspor\u00ebs Shqiptare n\u00eb Zvic\u00ebr (RRBDSH Zvic\u00ebr) <\/a>es wurde im Jahr 2012 auf Initiative des bekannten Unternehmers und Philanthropen Fehmi Fetahi gegr\u00fcndet, der derzeit den Vorsitz des Verwaltungsrats des Netzwerks innehat\u201c, erkl\u00e4rt Frau Berisha.<\/p>\n<p data-start=\"884\" data-end=\"1374\">Im Hinblick auf das Profil und die Ziele des Netzwerks sagt sie: \u201eDie Vision und Mission des RRBDSH besteht darin, als inklusive Organisation und verbindende Br\u00fccke zwischen albanischen Unternehmen in der Schweiz und dar\u00fcber hinaus zu agieren. Durch den Aufbau neuer Kooperationsbr\u00fccken will das Netzwerk auch die ausl\u00e4ndischen Investitionen in unseren Herkunftsl\u00e4ndern intensivieren und so den Austausch von Erfahrungen und Fortschritten in der wirtschaftlichen Entwicklung erm\u00f6glichen.\u201c<\/p>\n<p><strong><a href=\"https:\/\/www.albinfo.ch\/wp-content\/uploads\/2025\/09\/rrjeti-3a.jpg\"><img loading=\"lazy\" decoding=\"async\" class=\"alignnone size-large wp-image-860108\" src=\"https:\/\/www.albinfo.ch\/wp-content\/uploads\/2025\/09\/rrjeti-3a-1024x683.jpg\" alt=\"\" width=\"640\" height=\"427\" srcset=\"https:\/\/www.albinfo.at\/wp-content\/uploads\/2025\/09\/rrjeti-3a-1024x683.jpg 1024w, https:\/\/www.albinfo.at\/wp-content\/uploads\/2025\/09\/rrjeti-3a-300x200.jpg 300w, https:\/\/www.albinfo.at\/wp-content\/uploads\/2025\/09\/rrjeti-3a-768x512.jpg 768w, https:\/\/www.albinfo.at\/wp-content\/uploads\/2025\/09\/rrjeti-3a-210x141.jpg 210w, https:\/\/www.albinfo.at\/wp-content\/uploads\/2025\/09\/rrjeti-3a-587x391.jpg 587w, https:\/\/www.albinfo.at\/wp-content\/uploads\/2025\/09\/rrjeti-3a-150x100.jpg 150w, https:\/\/www.albinfo.at\/wp-content\/uploads\/2025\/09\/rrjeti-3a-263x175.jpg 263w, https:\/\/www.albinfo.at\/wp-content\/uploads\/2025\/09\/rrjeti-3a.jpg 1500w\" sizes=\"auto, (max-width: 640px) 100vw, 640px\" \/><\/a><\/strong><\/p>\n<p>Das Netzwerk ist in vielen Sektoren der Wirtschaft aktiv.<\/p>\n<p><strong>Welche Sektoren sind aktiv\u00a0 <a href=\"https:\/\/rrbdsh.ch\/\">RRBDSH?<\/a> <\/strong>\u201c<\/p>\n<p data-start=\"1295\" data-end=\"1654\">\u201eDas Netzwerk ist in vielen Bereichen aktiv, in erster Linie bei der Vernetzung von Unternehmern, der F\u00f6rderung albanischer Unternehmen, der Unterst\u00fctzung von Start-ups, der Vermittlung neuer Partnerschaften sowie in der institutionellen Zusammenarbeit durch die Vertretung in der Wirtschaftskammer des Kosovo\u201c, erkl\u00e4rt die Pr\u00e4sidentin des Netzwerks.<\/p>\n<p data-start=\"1656\" data-end=\"2028\">In seinen 13 Jahren T\u00e4tigkeit hat das RRBDSH zahlreiche Aktivit\u00e4ten durchgef\u00fchrt und viele Initiativen gestartet. Frau Berisha nennt nur einige davon: \u201eBusiness Connection in Dietikon, Spreitenbach, B2B-Treffen und Begegnungen mit bekannten Pers\u00f6nlichkeiten aus Wirtschaft und Politik\u201c. Sie f\u00fcgt hinzu, dass diese Aktivit\u00e4ten in Zukunft noch h\u00e4ufiger stattfinden werden.<\/p>\n<p data-start=\"2030\" data-end=\"2246\">\u201eDas Netzwerk besteht aus einer betr\u00e4chtlichen Anzahl von Mitgliedern, die verschiedene Wirtschaftsbereiche vertreten, Handel, Technologie, Gastronomie, Bauwesen, Gesundheitswesen usw.\u201c, betont Frau Berisha Imeri.<\/p>\n<p data-start=\"2248\" data-end=\"2525\">Neben seiner Hauptt\u00e4tigkeit motiviert das RRBDSH auch neue albanische Unternehmen in der Schweiz, sich im Netzwerk zu engagieren. Dies geschieht durch Networking-Aktivit\u00e4ten, die Teilnahme an Business-Connection-Events und B2B-Treffen, die Entwicklungsm\u00f6glichkeiten schaffen.<\/p>\n<p><strong><a href=\"https:\/\/www.albinfo.ch\/wp-content\/uploads\/2025\/09\/rrjeti-2a.jpg\"><img loading=\"lazy\" decoding=\"async\" class=\"alignnone size-large wp-image-860105\" src=\"https:\/\/www.albinfo.ch\/wp-content\/uploads\/2025\/09\/rrjeti-2a-1024x683.jpg\" alt=\"\" width=\"640\" height=\"427\" srcset=\"https:\/\/www.albinfo.at\/wp-content\/uploads\/2025\/09\/rrjeti-2a-1024x683.jpg 1024w, https:\/\/www.albinfo.at\/wp-content\/uploads\/2025\/09\/rrjeti-2a-300x200.jpg 300w, https:\/\/www.albinfo.at\/wp-content\/uploads\/2025\/09\/rrjeti-2a-768x512.jpg 768w, https:\/\/www.albinfo.at\/wp-content\/uploads\/2025\/09\/rrjeti-2a-210x141.jpg 210w, https:\/\/www.albinfo.at\/wp-content\/uploads\/2025\/09\/rrjeti-2a-587x391.jpg 587w, https:\/\/www.albinfo.at\/wp-content\/uploads\/2025\/09\/rrjeti-2a-150x100.jpg 150w, https:\/\/www.albinfo.at\/wp-content\/uploads\/2025\/09\/rrjeti-2a-263x175.jpg 263w, https:\/\/www.albinfo.at\/wp-content\/uploads\/2025\/09\/rrjeti-2a.jpg 1500w\" sizes=\"auto, (max-width: 640px) 100vw, 640px\" \/><\/a><\/strong><\/p>\n<p><strong>Herausforderung: Vereinigung des Potenzials der albanischen Unternehmen<\/strong><\/p>\n<p data-start=\"486\" data-end=\"752\">Unterdessen bleibt f\u00fcr das Netzwerk laut der Pr\u00e4sidentin die Herausforderung, das gro\u00dfe Potenzial der albanischen Unternehmen in der Schweiz zu b\u00fcndeln, die Zusammenarbeit unter ihnen zu st\u00e4rken und die Dienstleistungen des Netzwerks zu professionalisieren.<\/p>\n<p data-start=\"754\" data-end=\"987\">\u201eDie Vernetzung von Hunderten albanischen Unternehmen, die F\u00f6rderung von Investitionen in der Heimat und die Vertretung der Stimme der Diaspora im Bereich Wirtschaft sind die gr\u00f6\u00dften Erfolge, die das RRBDSH erzielt hat\u201c, meint sie.<\/p>\n<p><a href=\"https:\/\/www.albinfo.ch\/wp-content\/uploads\/2025\/09\/merita-dhe-fehmi-fetahi.jpg\"><img loading=\"lazy\" decoding=\"async\" class=\"alignnone size-large wp-image-860096\" src=\"https:\/\/www.albinfo.ch\/wp-content\/uploads\/2025\/09\/merita-dhe-fehmi-fetahi-1024x683.jpg\" alt=\"\" width=\"640\" height=\"427\" srcset=\"https:\/\/www.albinfo.at\/wp-content\/uploads\/2025\/09\/merita-dhe-fehmi-fetahi-1024x683.jpg 1024w, https:\/\/www.albinfo.at\/wp-content\/uploads\/2025\/09\/merita-dhe-fehmi-fetahi-300x200.jpg 300w, https:\/\/www.albinfo.at\/wp-content\/uploads\/2025\/09\/merita-dhe-fehmi-fetahi-768x512.jpg 768w, https:\/\/www.albinfo.at\/wp-content\/uploads\/2025\/09\/merita-dhe-fehmi-fetahi-210x141.jpg 210w, https:\/\/www.albinfo.at\/wp-content\/uploads\/2025\/09\/merita-dhe-fehmi-fetahi-587x391.jpg 587w, https:\/\/www.albinfo.at\/wp-content\/uploads\/2025\/09\/merita-dhe-fehmi-fetahi-150x100.jpg 150w, https:\/\/www.albinfo.at\/wp-content\/uploads\/2025\/09\/merita-dhe-fehmi-fetahi-263x175.jpg 263w, https:\/\/www.albinfo.at\/wp-content\/uploads\/2025\/09\/merita-dhe-fehmi-fetahi.jpg 1500w\" sizes=\"auto, (max-width: 640px) 100vw, 640px\" \/><\/a><\/p>\n<p data-start=\"689\" data-end=\"861\">Das Netzwerk pflegt Kooperationen mit albanischen und schweizerischen Organisationen sowie mit internationalen Institutionen wie Switzerland Global Enterprise usw.<\/p>\n<p data-start=\"863\" data-end=\"1099\">Auf der Grundlage der geschaffenen Basis und der bisherigen Erfolge liegt die Zukunft des RRBDSH und seine Rolle in der wirtschaftlichen Entwicklung unserer Gesellschaft in der Erweiterung und Professionalisierung dieser Organisation.<\/p>\n<p data-start=\"1101\" data-end=\"1365\">Die Botschaft, die der RRBDSH an die albanischen Unternehmen in der Schweiz richtet, lautet: Alle albanischen Unternehmen sind willkommen! Zusammenhalt und gegenseitige Unterst\u00fctzung bringen eine schnellere und nachhaltigere Entwicklung und Fortschritt f\u00fcr alle.<\/p>\n<p><strong><a href=\"https:\/\/www.albinfo.ch\/wp-content\/uploads\/2025\/09\/rrjeti-2.jpg\"><img loading=\"lazy\" decoding=\"async\" class=\"alignnone size-large wp-image-860102\" src=\"https:\/\/www.albinfo.ch\/wp-content\/uploads\/2025\/09\/rrjeti-2-1024x683.jpg\" alt=\"\" width=\"640\" height=\"427\" srcset=\"https:\/\/www.albinfo.at\/wp-content\/uploads\/2025\/09\/rrjeti-2-1024x683.jpg 1024w, https:\/\/www.albinfo.at\/wp-content\/uploads\/2025\/09\/rrjeti-2-300x200.jpg 300w, https:\/\/www.albinfo.at\/wp-content\/uploads\/2025\/09\/rrjeti-2-768x512.jpg 768w, https:\/\/www.albinfo.at\/wp-content\/uploads\/2025\/09\/rrjeti-2-210x141.jpg 210w, https:\/\/www.albinfo.at\/wp-content\/uploads\/2025\/09\/rrjeti-2-587x391.jpg 587w, https:\/\/www.albinfo.at\/wp-content\/uploads\/2025\/09\/rrjeti-2-150x100.jpg 150w, https:\/\/www.albinfo.at\/wp-content\/uploads\/2025\/09\/rrjeti-2-263x175.jpg 263w, https:\/\/www.albinfo.at\/wp-content\/uploads\/2025\/09\/rrjeti-2.jpg 1500w\" sizes=\"auto, (max-width: 640px) 100vw, 640px\" \/><\/a><\/strong><\/p>\n<p><strong>Der Artikel \u00fcber das Netzwerk wurde auch im Printmagazin albinfo.ch ver\u00f6ffentlicht, das in dieser Ausgabe einen besonderen Fokus auf die albanischen Organisationen in der Schweiz gelegt hat.<\/strong><\/p>\n<figure id=\"attachment_860099\" aria-describedby=\"caption-attachment-860099\" style=\"width: 640px\" class=\"wp-caption alignnone\"><a href=\"https:\/\/www.albinfo.ch\/wp-content\/uploads\/2025\/09\/rrbdsh-2a.jpg\"><img loading=\"lazy\" decoding=\"async\" class=\"size-large wp-image-860099\" src=\"https:\/\/www.albinfo.ch\/wp-content\/uploads\/2025\/09\/rrbdsh-2a-768x1024.jpg\" alt=\"\" width=\"640\" height=\"853\" srcset=\"https:\/\/www.albinfo.at\/wp-content\/uploads\/2025\/09\/rrbdsh-2a-768x1024.jpg 768w, https:\/\/www.albinfo.at\/wp-content\/uploads\/2025\/09\/rrbdsh-2a-225x300.jpg 225w, https:\/\/www.albinfo.at\/wp-content\/uploads\/2025\/09\/rrbdsh-2a-1152x1536.jpg 1152w, https:\/\/www.albinfo.at\/wp-content\/uploads\/2025\/09\/rrbdsh-2a-297x396.jpg 297w, https:\/\/www.albinfo.at\/wp-content\/uploads\/2025\/09\/rrbdsh-2a-75x100.jpg 75w, https:\/\/www.albinfo.at\/wp-content\/uploads\/2025\/09\/rrbdsh-2a-131x175.jpg 131w, https:\/\/www.albinfo.at\/wp-content\/uploads\/2025\/09\/rrbdsh-2a.jpg 1536w\" sizes=\"auto, (max-width: 640px) 100vw, 640px\" \/><\/a><figcaption id=\"caption-attachment-860099\" class=\"wp-caption-text\">albinfo.ch<\/figcaption><\/figure>\n<figure id=\"attachment_860093\" aria-describedby=\"caption-attachment-860093\" style=\"width: 640px\" class=\"wp-caption alignnone\"><a href=\"https:\/\/www.albinfo.ch\/wp-content\/uploads\/2025\/09\/fehmi-fetahi_b.jpg\"><img loading=\"lazy\" decoding=\"async\" class=\"size-large wp-image-860093\" src=\"https:\/\/www.albinfo.ch\/wp-content\/uploads\/2025\/09\/fehmi-fetahi_b-1024x683.jpg\" alt=\"\" width=\"640\" height=\"427\" srcset=\"https:\/\/www.albinfo.at\/wp-content\/uploads\/2025\/09\/fehmi-fetahi_b-1024x683.jpg 1024w, https:\/\/www.albinfo.at\/wp-content\/uploads\/2025\/09\/fehmi-fetahi_b-300x200.jpg 300w, https:\/\/www.albinfo.at\/wp-content\/uploads\/2025\/09\/fehmi-fetahi_b-768x512.jpg 768w, https:\/\/www.albinfo.at\/wp-content\/uploads\/2025\/09\/fehmi-fetahi_b-210x141.jpg 210w, https:\/\/www.albinfo.at\/wp-content\/uploads\/2025\/09\/fehmi-fetahi_b-587x391.jpg 587w, https:\/\/www.albinfo.at\/wp-content\/uploads\/2025\/09\/fehmi-fetahi_b-150x100.jpg 150w, https:\/\/www.albinfo.at\/wp-content\/uploads\/2025\/09\/fehmi-fetahi_b-263x175.jpg 263w, https:\/\/www.albinfo.at\/wp-content\/uploads\/2025\/09\/fehmi-fetahi_b.jpg 1500w\" sizes=\"auto, (max-width: 640px) 100vw, 640px\" \/><\/a><figcaption id=\"caption-attachment-860093\" class=\"wp-caption-text\">albinfo.ch<\/figcaption><\/figure>\n<figure id=\"attachment_860089\" aria-describedby=\"caption-attachment-860089\" style=\"width: 640px\" class=\"wp-caption alignnone\"><a href=\"https:\/\/www.albinfo.ch\/wp-content\/uploads\/2025\/09\/fehmi-fetahi-2.jpg\"><img loading=\"lazy\" decoding=\"async\" class=\"size-large wp-image-860089\" src=\"https:\/\/www.albinfo.ch\/wp-content\/uploads\/2025\/09\/fehmi-fetahi-2-1024x634.jpg\" alt=\"\" width=\"640\" height=\"396\" srcset=\"https:\/\/www.albinfo.at\/wp-content\/uploads\/2025\/09\/fehmi-fetahi-2-1024x634.jpg 1024w, https:\/\/www.albinfo.at\/wp-content\/uploads\/2025\/09\/fehmi-fetahi-2-300x186.jpg 300w, https:\/\/www.albinfo.at\/wp-content\/uploads\/2025\/09\/fehmi-fetahi-2-768x476.jpg 768w, https:\/\/www.albinfo.at\/wp-content\/uploads\/2025\/09\/fehmi-fetahi-2-1536x951.jpg 1536w, https:\/\/www.albinfo.at\/wp-content\/uploads\/2025\/09\/fehmi-fetahi-2-587x364.jpg 587w, https:\/\/www.albinfo.at\/wp-content\/uploads\/2025\/09\/fehmi-fetahi-2-161x100.jpg 161w, https:\/\/www.albinfo.at\/wp-content\/uploads\/2025\/09\/fehmi-fetahi-2-265x164.jpg 265w, https:\/\/www.albinfo.at\/wp-content\/uploads\/2025\/09\/fehmi-fetahi-2.jpg 1600w\" sizes=\"auto, (max-width: 640px) 100vw, 640px\" \/><\/a><figcaption id=\"caption-attachment-860089\" class=\"wp-caption-text\">albinfo.ch<\/figcaption><\/figure>\n<p>Video von einigen der Aktivit\u00e4ten des Netzwerkes der albanischen Diasporaunternehmen in der Schweiz<\/p>\n<p><iframe loading=\"lazy\" style=\"border: none; overflow: hidden;\" src=\"https:\/\/www.facebook.com\/plugins\/video.php?height=314&amp;href=https%3A%2F%2Fwww.facebook.com%2Falbinfo.ch%2Fvideos%2F598974072688654%2F&amp;show_text=false&amp;width=560&amp;t=0\" width=\"560\" height=\"314\" frameborder=\"0\" scrolling=\"no\" allowfullscreen=\"allowfullscreen\" data-mce-fragment=\"1\"><\/iframe><\/p>\n<p><iframe loading=\"lazy\" style=\"border: none; overflow: hidden;\" src=\"https:\/\/www.facebook.com\/plugins\/video.php?height=314&amp;href=https%3A%2F%2Fwww.facebook.com%2Falbinfo.ch%2Fvideos%2F1006344361153717%2F&amp;show_text=false&amp;width=560&amp;t=0\" width=\"560\" height=\"314\" frameborder=\"0\" scrolling=\"no\" allowfullscreen=\"allowfullscreen\" data-mce-fragment=\"1\"><\/iframe><\/p>\n","protected":false},"excerpt":{"rendered":"<p>Die Medienplattform albinfo.ch pr\u00e4sentiert ein Profil dieser Organisation durch ein Gespr\u00e4ch mit der Vorsitzenden, Frau Dr. Fatime Berisha Imeri.<\/p>\n","protected":false},"author":6,"featured_media":860113,"comment_status":"closed","ping_status":"closed","sticky":false,"template":"","format":"standard","meta":{"footnotes":""},"categories":[33333,1134,1133,1158],"tags":[],"vendi":[],"content_country":[29888,31836,31837],"class_list":["post-860217","post","type-post","status-publish","format-standard","has-post-thumbnail","hentry","category-vereinigungen","category-integration","category-e-diaspora-de","category-themen-vor-ort","content_country-zvicer","content_country-austria-de","content_country-germany-de"],"acf":[],"_links":{"self":[{"href":"https:\/\/www.albinfo.at\/de\/wp-json\/wp\/v2\/posts\/860217","targetHints":{"allow":["GET"]}}],"collection":[{"href":"https:\/\/www.albinfo.at\/de\/wp-json\/wp\/v2\/posts"}],"about":[{"href":"https:\/\/www.albinfo.at\/de\/wp-json\/wp\/v2\/types\/post"}],"author":[{"embeddable":true,"href":"https:\/\/www.albinfo.at\/de\/wp-json\/wp\/v2\/users\/6"}],"replies":[{"embeddable":true,"href":"https:\/\/www.albinfo.at\/de\/wp-json\/wp\/v2\/comments?post=860217"}],"version-history":[{"count":1,"href":"https:\/\/www.albinfo.at\/de\/wp-json\/wp\/v2\/posts\/860217\/revisions"}],"predecessor-version":[{"id":860218,"href":"https:\/\/www.albinfo.at\/de\/wp-json\/wp\/v2\/posts\/860217\/revisions\/860218"}],"wp:featuredmedia":[{"embeddable":true,"href":"https:\/\/www.albinfo.at\/de\/wp-json\/wp\/v2\/media\/860113"}],"wp:attachment":[{"href":"https:\/\/www.albinfo.at\/de\/wp-json\/wp\/v2\/media?parent=860217"}],"wp:term":[{"taxonomy":"category","embeddable":true,"href":"https:\/\/www.albinfo.at\/de\/wp-json\/wp\/v2\/categories?post=860217"},{"taxonomy":"post_tag","embeddable":true,"href":"https:\/\/www.albinfo.at\/de\/wp-json\/wp\/v2\/tags?post=860217"},{"taxonomy":"vendi","embeddable":true,"href":"https:\/\/www.albinfo.at\/de\/wp-json\/wp\/v2\/vendi?post=860217"},{"taxonomy":"content_country","embeddable":true,"href":"https:\/\/www.albinfo.at\/de\/wp-json\/wp\/v2\/content_country?post=860217"}],"curies":[{"name":"wp","href":"https:\/\/api.w.org\/{rel}","templated":true}]}}