{"id":860204,"date":"2025-09-13T22:54:14","date_gmt":"2025-09-13T20:54:14","guid":{"rendered":"https:\/\/www.albinfo.ch\/?p=860204"},"modified":"2025-09-13T22:54:58","modified_gmt":"2025-09-13T20:54:58","slug":"doengue-der-film-der-die-herausforderungen-der-kosovarischen-einwanderer-in-der-tuerkei-widerspiegelt","status":"publish","type":"post","link":"https:\/\/www.albinfo.at\/de\/doengue-der-film-der-die-herausforderungen-der-kosovarischen-einwanderer-in-der-tuerkei-widerspiegelt\/","title":{"rendered":"\u201eD\u00f6ng\u00fc\u201c &#8211; Der Film, der die Herausforderungen der kosovarischen Einwanderer in der T\u00fcrkei widerspiegelt."},"content":{"rendered":"<p data-start=\"1706\" data-end=\"2319\">Der Film &#8221; D\u00f6ng\u00fc &#8220;, eine Koproduktion zwischen der T\u00fcrkei und dem Kosovo, thematisiert Migration, unsichere Arbeitsverh\u00e4ltnisse und die stille Ausbeutung von Arbeiterinnen und Arbeitern. Die Handlung konzentriert sich auf Lena, eine kosovarische Pflegerin, und Sevim, eine t\u00fcrkische Reinigungskraft, die mit Schwierigkeiten und moralischen Dilemmata in ihrem Arbeitsalltag konfrontiert sind. Nach einem Arbeitsunfall von Lena wird das Fehlen von Versicherungen und die Probleme der Migranten deutlich, was die Realit\u00e4t von tausenden Kosovaren widerspiegelt, die im Ausland arbeiten, berichtet albinfo.ch.<\/p>\n<p data-start=\"2321\" data-end=\"2777\">Der t\u00fcrkische Regisseur Erkan Tahhu\u015fo\u011flu pr\u00e4sentierte den Film in der regionalen Premiere im Rahmen der 17. Ausgabe des &#8221; PriFest &#8221; in Prishtina, wo die kosovarischen Schauspielerinnen Ftesa Hazrolli und Shpresa Hashimi zusammen mit der t\u00fcrkischen Besetzung auftraten. Hazrolli sagte gegen\u00fcber KOH\u00cbA, dass die Rolle von Lena komplex sei und die Herausforderungen kosovarischer Migranten in der T\u00fcrkei widerspiegele, einschlie\u00dflich Dialogen auf Albanisch.<\/p>\n<p data-start=\"2779\" data-end=\"3101\">Produzenten des Films sind Gazmend Nela, \u0130ris Tahhu\u015fo\u011flu, Selda Taskin und Ragip T\u00fcrk, w\u00e4hrend die Filmmusik von Idil Ata\u00e7 betreut wurde. Der Film hat an verschiedenen internationalen Festivals teilgenommen und Auszeichnungen f\u00fcr Drehbuch und Hauptrollen erhalten, unter anderem in Ankara, Frankfurt, Adana und Bosporus.<\/p>\n<p data-start=\"3103\" data-end=\"3489\">Regisseur Tahhu\u015fo\u011flu erkl\u00e4rt, dass die Motivation des Films in der Anerkennung der Arbeitnehmerrechte und in der Reflexion ihrer Arbeitsbedingungen liegt, nicht nur in der T\u00fcrkei, sondern auch in Europa. F\u00fcr das kosovarische Publikum ist &#8221; D\u00f6ng\u00fc &#8221; nicht nur ein k\u00fcnstlerisches Werk, sondern auch ein realistisches Spiegelbild von Migration und den damit verbundenen Herausforderungen.<\/p>\n","protected":false},"excerpt":{"rendered":"<p>Ein Film, der die Herausforderungen der kosovarischen Migranten in der T\u00fcrkei widerspiegelt.<\/p>\n","protected":false},"author":6,"featured_media":624421,"comment_status":"closed","ping_status":"closed","sticky":false,"template":"","format":"standard","meta":{"footnotes":""},"categories":[24636,24665,24631,1133,1138],"tags":[],"vendi":[],"content_country":[29888,31836,31837],"class_list":["post-860204","post","type-post","status-publish","format-standard","has-post-thumbnail","hentry","category-nachrichten-de-4","category-kino","category-nachrichten-de-2","category-e-diaspora-de","category-kultur","content_country-zvicer","content_country-austria-de","content_country-germany-de"],"acf":[],"_links":{"self":[{"href":"https:\/\/www.albinfo.at\/de\/wp-json\/wp\/v2\/posts\/860204","targetHints":{"allow":["GET"]}}],"collection":[{"href":"https:\/\/www.albinfo.at\/de\/wp-json\/wp\/v2\/posts"}],"about":[{"href":"https:\/\/www.albinfo.at\/de\/wp-json\/wp\/v2\/types\/post"}],"author":[{"embeddable":true,"href":"https:\/\/www.albinfo.at\/de\/wp-json\/wp\/v2\/users\/6"}],"replies":[{"embeddable":true,"href":"https:\/\/www.albinfo.at\/de\/wp-json\/wp\/v2\/comments?post=860204"}],"version-history":[{"count":1,"href":"https:\/\/www.albinfo.at\/de\/wp-json\/wp\/v2\/posts\/860204\/revisions"}],"predecessor-version":[{"id":860205,"href":"https:\/\/www.albinfo.at\/de\/wp-json\/wp\/v2\/posts\/860204\/revisions\/860205"}],"wp:featuredmedia":[{"embeddable":true,"href":"https:\/\/www.albinfo.at\/de\/wp-json\/wp\/v2\/media\/624421"}],"wp:attachment":[{"href":"https:\/\/www.albinfo.at\/de\/wp-json\/wp\/v2\/media?parent=860204"}],"wp:term":[{"taxonomy":"category","embeddable":true,"href":"https:\/\/www.albinfo.at\/de\/wp-json\/wp\/v2\/categories?post=860204"},{"taxonomy":"post_tag","embeddable":true,"href":"https:\/\/www.albinfo.at\/de\/wp-json\/wp\/v2\/tags?post=860204"},{"taxonomy":"vendi","embeddable":true,"href":"https:\/\/www.albinfo.at\/de\/wp-json\/wp\/v2\/vendi?post=860204"},{"taxonomy":"content_country","embeddable":true,"href":"https:\/\/www.albinfo.at\/de\/wp-json\/wp\/v2\/content_country?post=860204"}],"curies":[{"name":"wp","href":"https:\/\/api.w.org\/{rel}","templated":true}]}}