{"id":860173,"date":"2025-09-13T20:41:36","date_gmt":"2025-09-13T18:41:36","guid":{"rendered":"https:\/\/www.albinfo.ch\/?p=860173"},"modified":"2025-09-13T20:43:01","modified_gmt":"2025-09-13T18:43:01","slug":"migration-und-identitaetskonflikte-hauptthema-des-festivals-kino-kosova","status":"publish","type":"post","link":"https:\/\/www.albinfo.at\/de\/migration-und-identitaetskonflikte-hauptthema-des-festivals-kino-kosova\/","title":{"rendered":"Migration und Identit\u00e4tskonflikte, Hauptthema des Festivals &#8220;Kino Kosova&#8221;"},"content":{"rendered":"<p data-start=\"766\" data-end=\"1115\">Das Filmfestival \u201cKino Kosova\u201d erlebte gestern seinen dritten Tag, gepr\u00e4gt von Filmvorf\u00fchrungen verschiedener Genres, Diskussionspanels und Musik. Alles vermittelte den Eindruck einer gefestigten kulturellen Veranstaltung, die den Standards eines ernsthaften Filmfestivals entspricht,\u00a0 ein Verdienst, der den Organisatoren zu verdanken ist.<\/p>\n<p data-start=\"1117\" data-end=\"1484\">Am Nachmittag fand ein Panel zum Thema <em data-start=\"1156\" data-end=\"1183\">\u201cDie L\u00fccke im Publikum \u2026\u201d<\/em> statt, in dem die kulturellen Leerstellen auf der Leinwand behandelt wurden. Die Diskussion untersuchte, wie Verleih, Sprache und sogar der Standort bestimmen, wer welche Geschichten sehen kann und was Festivals tun k\u00f6nnen, um das Kino inklusiver und demokratischer zu machen, berichtet albinfo.ch.<\/p>\n<p><a href=\"https:\/\/www.albinfo.ch\/wp-content\/uploads\/2025\/09\/unwanted.jpg\"><img loading=\"lazy\" decoding=\"async\" class=\"alignnone wp-image-860024\" src=\"https:\/\/www.albinfo.ch\/wp-content\/uploads\/2025\/09\/unwanted.jpg\" alt=\"\" width=\"600\" height=\"363\" srcset=\"https:\/\/www.albinfo.at\/wp-content\/uploads\/2025\/09\/unwanted.jpg 555w, https:\/\/www.albinfo.at\/wp-content\/uploads\/2025\/09\/unwanted-300x182.jpg 300w, https:\/\/www.albinfo.at\/wp-content\/uploads\/2025\/09\/unwanted-165x100.jpg 165w, https:\/\/www.albinfo.at\/wp-content\/uploads\/2025\/09\/unwanted-265x160.jpg 265w\" sizes=\"auto, (max-width: 600px) 100vw, 600px\" \/><\/a><\/p>\n<p data-start=\"870\" data-end=\"1404\">Im Nachmittagsprogramm wurde der Spielfilm \u201cUnwanted\u201d (Unerw\u00fcnscht) des albanischen Regisseurs aus den Niederlanden, Edon Rizvanolli, gezeigt.<br data-start=\"1021\" data-end=\"1024\" \/>1998 drehte er seinen ersten Kurzfilm <em data-start=\"1062\" data-end=\"1073\">Blownaway<\/em>, gefolgt vom preisgekr\u00f6nten Dokumentarfilm <em data-start=\"1117\" data-end=\"1165\">Shuffle &#8211; Politics, Bullshit and Rock \u2019n\u2019 Roll<\/em> \u00fcber die alternative Musikszene in Pristina. Seit 2007 lebt er in Amsterdam und arbeitet dort als Schauspieler, Regisseur und Filmeditor. <em data-start=\"1304\" data-end=\"1314\">Unwanted<\/em> ist sein Spielfilmdeb\u00fct, das seine Weltpremiere beim Festival von Karlovy Vary feierte.<\/p>\n<p data-start=\"1406\" data-end=\"1720\">Handlung des Films: Der Teenager Alban lebt in Amsterdam mit seiner Mutter Zana, die w\u00e4hrend des Balkankrieges aus dem Kosovo geflohen ist. Als Alban beginnt, mit der sensiblen Ana auszugehen, ahnt keiner von beiden, dass alte Wunden und Schatten aus der Vergangenheit wieder an die Oberfl\u00e4che treten werden.<\/p>\n<p><a href=\"https:\/\/www.albinfo.ch\/wp-content\/uploads\/2025\/09\/dee6dd8f-054c-4993-967a-06f65743e98d.jpg\"><img loading=\"lazy\" decoding=\"async\" class=\"alignnone wp-image-860015\" src=\"https:\/\/www.albinfo.ch\/wp-content\/uploads\/2025\/09\/dee6dd8f-054c-4993-967a-06f65743e98d.jpg\" alt=\"\" width=\"600\" height=\"450\" srcset=\"https:\/\/www.albinfo.at\/wp-content\/uploads\/2025\/09\/dee6dd8f-054c-4993-967a-06f65743e98d.jpg 2048w, https:\/\/www.albinfo.at\/wp-content\/uploads\/2025\/09\/dee6dd8f-054c-4993-967a-06f65743e98d-300x225.jpg 300w, https:\/\/www.albinfo.at\/wp-content\/uploads\/2025\/09\/dee6dd8f-054c-4993-967a-06f65743e98d-1024x768.jpg 1024w, https:\/\/www.albinfo.at\/wp-content\/uploads\/2025\/09\/dee6dd8f-054c-4993-967a-06f65743e98d-768x576.jpg 768w, https:\/\/www.albinfo.at\/wp-content\/uploads\/2025\/09\/dee6dd8f-054c-4993-967a-06f65743e98d-1536x1152.jpg 1536w, https:\/\/www.albinfo.at\/wp-content\/uploads\/2025\/09\/dee6dd8f-054c-4993-967a-06f65743e98d-528x396.jpg 528w, https:\/\/www.albinfo.at\/wp-content\/uploads\/2025\/09\/dee6dd8f-054c-4993-967a-06f65743e98d-133x100.jpg 133w, https:\/\/www.albinfo.at\/wp-content\/uploads\/2025\/09\/dee6dd8f-054c-4993-967a-06f65743e98d-233x175.jpg 233w\" sizes=\"auto, (max-width: 600px) 100vw, 600px\" \/><\/a><\/p>\n<p data-start=\"1163\" data-end=\"1525\">Im Abendprogramm fanden zwei parallele Veranstaltungen statt: Zum einen die Vorf\u00fchrung von f\u00fcnf Kurzfilmen aus dem Kosovo, der Schweiz u. a. in einem alternativen Saal, zum anderen ein Event im Kino Rex, bei dem die Botschaft des Kosovo das Personal der portugiesischen Botschaft in Bern empfing. Dabei wurden mehrere Filme aus beiden L\u00e4ndern gezeigt.<\/p>\n<p data-start=\"1527\" data-end=\"1832\">Das Hauptprogramm der Filme folgte weiterhin dem Leitmotiv des Festivals: die Problematik der Migration, die Komplexit\u00e4t von Identit\u00e4ten \u2013 ethnischer, geschlechtlicher und \u00e4hnlicher Art. Im Anschluss an einige Vorf\u00fchrungen fand zudem ein Gespr\u00e4ch mit den jeweiligen Regisseurinnen und Regisseuren statt.<\/p>\n<p data-start=\"1834\" data-end=\"2176\">Der erste Film dieses Zyklus war <em data-start=\"1867\" data-end=\"1897\">\u201cWie lange bleibt Ihr noch?\u201d<\/em>. In diesem Kurzfilm erforschen die jungen deutschen Regisseure Arnit Likaj und Jasmin Rai ihre eigenen Erfahrungen und Gef\u00fchle, gefangen zwischen zwei Kulturen. Mit Migrationshintergrund f\u00fchlen sie sich weder in Deutschland noch im Herkunftsland ihrer Eltern wirklich zuhause.<\/p>\n<p><a href=\"https:\/\/www.albinfo.ch\/wp-content\/uploads\/2025\/09\/f5184544-dfbb-4e6d-9fe3-b6666e24bf68.jpg\"><img loading=\"lazy\" decoding=\"async\" class=\"alignnone wp-image-860018\" src=\"https:\/\/www.albinfo.ch\/wp-content\/uploads\/2025\/09\/f5184544-dfbb-4e6d-9fe3-b6666e24bf68.jpg\" alt=\"\" width=\"600\" height=\"450\" srcset=\"https:\/\/www.albinfo.at\/wp-content\/uploads\/2025\/09\/f5184544-dfbb-4e6d-9fe3-b6666e24bf68.jpg 2048w, https:\/\/www.albinfo.at\/wp-content\/uploads\/2025\/09\/f5184544-dfbb-4e6d-9fe3-b6666e24bf68-300x225.jpg 300w, https:\/\/www.albinfo.at\/wp-content\/uploads\/2025\/09\/f5184544-dfbb-4e6d-9fe3-b6666e24bf68-1024x768.jpg 1024w, https:\/\/www.albinfo.at\/wp-content\/uploads\/2025\/09\/f5184544-dfbb-4e6d-9fe3-b6666e24bf68-768x576.jpg 768w, https:\/\/www.albinfo.at\/wp-content\/uploads\/2025\/09\/f5184544-dfbb-4e6d-9fe3-b6666e24bf68-1536x1152.jpg 1536w, https:\/\/www.albinfo.at\/wp-content\/uploads\/2025\/09\/f5184544-dfbb-4e6d-9fe3-b6666e24bf68-528x396.jpg 528w, https:\/\/www.albinfo.at\/wp-content\/uploads\/2025\/09\/f5184544-dfbb-4e6d-9fe3-b6666e24bf68-133x100.jpg 133w, https:\/\/www.albinfo.at\/wp-content\/uploads\/2025\/09\/f5184544-dfbb-4e6d-9fe3-b6666e24bf68-233x175.jpg 233w\" sizes=\"auto, (max-width: 600px) 100vw, 600px\" \/><\/a><\/p>\n<p data-start=\"1071\" data-end=\"1318\">Im Film arbeiten sie mit selbst verfassten Texten, gesprochen in ihren Muttersprachen, w\u00e4hrend sie den Prozess der Kartoffelverarbeitung in einer Fabrik in Deutschland beschreiben, wo sie t\u00e4tig sind. Dieser Kurzfilm ist ihr erstes Werk.<\/p>\n<p data-start=\"1320\" data-end=\"1594\">Anschlie\u00dfend beantwortete Arnit Likaj die Fragen der Moderatorin Aleksandra Hiltmann zum Thema des Films. Er hob die Dualit\u00e4t der Identit\u00e4ten hervor, die aus dem Leben in der Migration und dem Festhalten an der Heimat\u00a0 sei es der eigenen oder jener der Eltern,\u00a0 entsteht.<\/p>\n<p data-start=\"1596\" data-end=\"1878\">Ein weiterer Film, der gestern Abend gezeigt wurde, war <em data-start=\"1652\" data-end=\"1685\">\u201cShe Asked Me Where I Was From\u201d<\/em> (<em data-start=\"1687\" data-end=\"1719\">Sie fragte mich, woher ich sei<\/em>), von der Regisseurin Aulona Fetahaj. Es handelt sich um einen pers\u00f6nlichen Film \u00fcber das Leben von Fl\u00fcchtlingen (und ihren Kindern) im digitalen Zeitalter.<\/p>\n<p data-start=\"1880\" data-end=\"2134\">Aulona Fetahaj hat Film an der Universit\u00e4t Sint-Lukas in Br\u00fcssel studiert. Sie sucht nach einer filmischen Sprache f\u00fcr das Thema Heimat und Entwurzelung, indem sie die Rolle untersucht, die Erinnerungen bei der (Re)Konstruktion von Identit\u00e4ten spielen.<\/p>\n<p><a href=\"https:\/\/www.albinfo.ch\/wp-content\/uploads\/2025\/09\/kino.jpg\"><img loading=\"lazy\" decoding=\"async\" class=\"alignnone wp-image-860021\" src=\"https:\/\/www.albinfo.ch\/wp-content\/uploads\/2025\/09\/kino.jpg\" alt=\"\" width=\"600\" height=\"450\" srcset=\"https:\/\/www.albinfo.at\/wp-content\/uploads\/2025\/09\/kino.jpg 2048w, https:\/\/www.albinfo.at\/wp-content\/uploads\/2025\/09\/kino-300x225.jpg 300w, https:\/\/www.albinfo.at\/wp-content\/uploads\/2025\/09\/kino-1024x768.jpg 1024w, https:\/\/www.albinfo.at\/wp-content\/uploads\/2025\/09\/kino-768x576.jpg 768w, https:\/\/www.albinfo.at\/wp-content\/uploads\/2025\/09\/kino-1536x1152.jpg 1536w, https:\/\/www.albinfo.at\/wp-content\/uploads\/2025\/09\/kino-528x396.jpg 528w, https:\/\/www.albinfo.at\/wp-content\/uploads\/2025\/09\/kino-133x100.jpg 133w, https:\/\/www.albinfo.at\/wp-content\/uploads\/2025\/09\/kino-233x175.jpg 233w\" sizes=\"auto, (max-width: 600px) 100vw, 600px\" \/><\/a><\/p>\n<p data-start=\"623\" data-end=\"804\">&#8220;Unser Name ist Ausl\u00e4nder\u201d (<em data-start=\"658\" data-end=\"681\">Emri yn\u00eb \u00ebsht\u00eb i huaj<\/em>) war der n\u00e4chste Film, gedreht von der jungen Schweizer Regisseurin kurdischer Herkunft aus der T\u00fcrkei, Seline Besill.<\/p>\n<p data-start=\"806\" data-end=\"1089\">H\u00eal\u00een, Selin, Firat und Serhat sind Geschwister, die in einem Dorf in der Zentralschweiz aufgewachsen sind. Durch Erz\u00e4hlungen in der Ich-Form rufen sie ihre Kindheitserinnerungen in der Schweiz wach, die von negativen Erfahrungen und Vorurteilen gegen sie als Fremde gepr\u00e4gt waren.<\/p>\n<p data-start=\"1091\" data-end=\"1255\"><em data-start=\"1091\" data-end=\"1104\">&#8220;Dandelion\u201d<\/em> (<em data-start=\"1106\" data-end=\"1119\">Luleradhiqe<\/em>) ist ein Film der schwedisch-albanischen Regisseurin Fiona Obertinca, der sich mit dem Thema Geschlechtsidentit\u00e4ten auseinandersetzt.<\/p>\n<p><a href=\"https:\/\/www.albinfo.ch\/wp-content\/uploads\/2025\/09\/dandelion.png\"><img loading=\"lazy\" decoding=\"async\" class=\"alignnone wp-image-860027\" src=\"https:\/\/www.albinfo.ch\/wp-content\/uploads\/2025\/09\/dandelion.png\" alt=\"\" width=\"600\" height=\"375\" srcset=\"https:\/\/www.albinfo.at\/wp-content\/uploads\/2025\/09\/dandelion.png 1600w, https:\/\/www.albinfo.at\/wp-content\/uploads\/2025\/09\/dandelion-300x188.png 300w, https:\/\/www.albinfo.at\/wp-content\/uploads\/2025\/09\/dandelion-1024x640.png 1024w, https:\/\/www.albinfo.at\/wp-content\/uploads\/2025\/09\/dandelion-768x480.png 768w, https:\/\/www.albinfo.at\/wp-content\/uploads\/2025\/09\/dandelion-1536x960.png 1536w, https:\/\/www.albinfo.at\/wp-content\/uploads\/2025\/09\/dandelion-587x367.png 587w, https:\/\/www.albinfo.at\/wp-content\/uploads\/2025\/09\/dandelion-160x100.png 160w, https:\/\/www.albinfo.at\/wp-content\/uploads\/2025\/09\/dandelion-265x166.png 265w\" sizes=\"auto, (max-width: 600px) 100vw, 600px\" \/><\/a><\/p>\n<p data-start=\"1178\" data-end=\"1468\">Im Los Angeles der 1970er-Jahre wird die queere, rebellische Jugendliche Margaret erneut aus einer Pflegefamilie ausgeschlossen und findet sich in der Obhut einer geheimnisvollen Sozialarbeiterin wieder, die die Aufgabe hat, ihr vor Tagesanbruch ein neues Zuhause zu verschaffen&#8230;<\/p>\n<p data-start=\"1470\" data-end=\"1940\">Fiona selbst ist eine Gefl\u00fcchtete aus dem Kosovo und Tochter einer alleinerziehenden Mutter mit vier Kindern. Sie erz\u00e4hlt Geschichten \u00fcber komplexe Frauen, widerstandsf\u00e4hig, mit Herz und Humor. Ihr Kurzfilm <em data-start=\"1677\" data-end=\"1687\">SHP\u00cbTIMI<\/em> gewann einen Preis beim Pixel Festival. <em data-start=\"1728\" data-end=\"1739\">Dandelion<\/em> wurde unter anderem in Brooklyn und Palm Springs ausgezeichnet. Sie ist Absolventin des Conservatory of the American Film Institute und unterrichtet Drehbuchschreiben an der Northwestern University.<\/p>\n<p data-start=\"1942\" data-end=\"2073\">Im Nachtprogramm (ab 22.00 Uhr) wurde der Spielfilm <em data-start=\"1994\" data-end=\"2003\">G\u00fclizar<\/em> gezeigt, die erste Koproduktion zwischen dem Kosovo und der T\u00fcrkei.<\/p>\n<p data-start=\"2075\" data-end=\"2310\">Heute geht das Programm mit Filmvorf\u00fchrungen, einer Debatte und als Abschluss mit dem Konzert der jungen und erfolgreichen kosovarischen S\u00e4ngerin Agona Shporta mit ihrem Quintett weiter, die ihr Album <em data-start=\"2276\" data-end=\"2289\">Hape port\u00ebn<\/em> pr\u00e4sentieren wird.<\/p>\n<p data-start=\"2312\" data-end=\"2391\">Die Medienplattform albinfo.ch ist Medienpartner des Festivals <em data-start=\"2375\" data-end=\"2388\">Kino Kosova<\/em>.<\/p>\n<p>&nbsp;<\/p>\n<p>&nbsp;<\/p>\n","protected":false},"excerpt":{"rendered":"<p>Die Themen der Filme des Festivals, das in Bern stattfindet: Das Problem der Migration, der Komplex mit Identit\u00e4ten, ethnischen, geschlechtlichen usw.<\/p>\n","protected":false},"author":6,"featured_media":860014,"comment_status":"closed","ping_status":"closed","sticky":false,"template":"","format":"standard","meta":{"footnotes":""},"categories":[34872,24636,1141,24665,24631,1133,1138,1140,1158],"tags":[],"vendi":[31855],"content_country":[29888,31836,31837],"class_list":["post-860173","post","type-post","status-publish","format-standard","has-post-thumbnail","hentry","category-evente-de","category-nachrichten-de-4","category-themen","category-kino","category-nachrichten-de-2","category-e-diaspora-de","category-kultur","category-leben-in-der-schweiz","category-themen-vor-ort","vendi-bern-de","content_country-zvicer","content_country-austria-de","content_country-germany-de"],"acf":[],"_links":{"self":[{"href":"https:\/\/www.albinfo.at\/de\/wp-json\/wp\/v2\/posts\/860173","targetHints":{"allow":["GET"]}}],"collection":[{"href":"https:\/\/www.albinfo.at\/de\/wp-json\/wp\/v2\/posts"}],"about":[{"href":"https:\/\/www.albinfo.at\/de\/wp-json\/wp\/v2\/types\/post"}],"author":[{"embeddable":true,"href":"https:\/\/www.albinfo.at\/de\/wp-json\/wp\/v2\/users\/6"}],"replies":[{"embeddable":true,"href":"https:\/\/www.albinfo.at\/de\/wp-json\/wp\/v2\/comments?post=860173"}],"version-history":[{"count":2,"href":"https:\/\/www.albinfo.at\/de\/wp-json\/wp\/v2\/posts\/860173\/revisions"}],"predecessor-version":[{"id":860175,"href":"https:\/\/www.albinfo.at\/de\/wp-json\/wp\/v2\/posts\/860173\/revisions\/860175"}],"wp:featuredmedia":[{"embeddable":true,"href":"https:\/\/www.albinfo.at\/de\/wp-json\/wp\/v2\/media\/860014"}],"wp:attachment":[{"href":"https:\/\/www.albinfo.at\/de\/wp-json\/wp\/v2\/media?parent=860173"}],"wp:term":[{"taxonomy":"category","embeddable":true,"href":"https:\/\/www.albinfo.at\/de\/wp-json\/wp\/v2\/categories?post=860173"},{"taxonomy":"post_tag","embeddable":true,"href":"https:\/\/www.albinfo.at\/de\/wp-json\/wp\/v2\/tags?post=860173"},{"taxonomy":"vendi","embeddable":true,"href":"https:\/\/www.albinfo.at\/de\/wp-json\/wp\/v2\/vendi?post=860173"},{"taxonomy":"content_country","embeddable":true,"href":"https:\/\/www.albinfo.at\/de\/wp-json\/wp\/v2\/content_country?post=860173"}],"curies":[{"name":"wp","href":"https:\/\/api.w.org\/{rel}","templated":true}]}}