{"id":859966,"date":"2025-09-12T23:48:58","date_gmt":"2025-09-12T21:48:58","guid":{"rendered":"https:\/\/www.albinfo.ch\/?p=859966"},"modified":"2025-09-12T23:55:05","modified_gmt":"2025-09-12T21:55:05","slug":"green-coast-hotel-mgallery-collection-gewinnt-den-preis-architektonisches-highlight-des-jahres-bei-den-gri-awards-europe-2025","status":"publish","type":"post","link":"https:\/\/www.albinfo.at\/de\/green-coast-hotel-mgallery-collection-gewinnt-den-preis-architektonisches-highlight-des-jahres-bei-den-gri-awards-europe-2025\/","title":{"rendered":"Green Coast Hotel &#8211; MGallery Collection gewinnt den Preis &#8220;Architektonisches Highlight des Jahres&#8221; bei den GRI Awards Europe 2025."},"content":{"rendered":"<p>Bei der in Paris organisierten Zeremonie des GRI-Instituts wurde das Green Coast Hotel &#8211; MGallery Collection mit dem renommierten Preis f\u00fcr die beste Architektur des Jahres ausgezeichnet.<br data-start=\"638\" data-end=\"641\" \/>Dies ist das erste Mal, dass ein Projekt aus Albanien als Gewinner hervorgeht. Die <a href=\"https:\/\/www.griinstitute.org\/realestate\/event\/gri-awards-europe-2025_4932\">GRI Awards Europe 2025<\/a> werden jedes Jahr veranstaltet, um herausragende Leistungen im Bereich der Immobilienentwicklung in zw\u00f6lf verschiedenen Kategorien zu w\u00fcrdigen.<\/p>\n<p><em><a href=\"https:\/\/www.albinfo.ch\/wp-content\/uploads\/2025\/09\/2.webp\"><img loading=\"lazy\" decoding=\"async\" class=\"alignnone size-large wp-image-859846\" src=\"https:\/\/www.albinfo.ch\/wp-content\/uploads\/2025\/09\/2-1024x683.webp\" alt=\"\" width=\"640\" height=\"427\" srcset=\"https:\/\/www.albinfo.at\/wp-content\/uploads\/2025\/09\/2-1024x683.webp 1024w, https:\/\/www.albinfo.at\/wp-content\/uploads\/2025\/09\/2-300x200.webp 300w, https:\/\/www.albinfo.at\/wp-content\/uploads\/2025\/09\/2-768x512.webp 768w, https:\/\/www.albinfo.at\/wp-content\/uploads\/2025\/09\/2-1536x1024.webp 1536w, https:\/\/www.albinfo.at\/wp-content\/uploads\/2025\/09\/2-210x141.webp 210w, https:\/\/www.albinfo.at\/wp-content\/uploads\/2025\/09\/2-587x391.webp 587w, https:\/\/www.albinfo.at\/wp-content\/uploads\/2025\/09\/2-150x100.webp 150w, https:\/\/www.albinfo.at\/wp-content\/uploads\/2025\/09\/2-263x175.webp 263w, https:\/\/www.albinfo.at\/wp-content\/uploads\/2025\/09\/2.webp 1620w\" sizes=\"auto, (max-width: 640px) 100vw, 640px\" \/><\/a><\/em><\/p>\n<p>&#8221; Diese Auszeichnung bezieht sich nicht nur auf ein Geb\u00e4ude, sondern auf eine Vision: Dort, wo internationale Standards auf lokales Know-how treffen, entstehen Eleganz, Nachhaltigkeit und Respekt vor der Natur. Das Green Coast Hotel &#8211; MGallery Collection hebt die Hotellerie im westlichen Balkan auf ein neues Niveau &#8220;, erkl\u00e4rte Herr Armando Alicanaj, CEO von Green Coast, in seiner Rede bei der Preisverleihung in Paris.<\/p>\n<p><a href=\"https:\/\/www.albinfo.ch\/wp-content\/uploads\/2025\/09\/3.webp\"><img loading=\"lazy\" decoding=\"async\" class=\"alignnone size-large wp-image-859849\" src=\"https:\/\/www.albinfo.ch\/wp-content\/uploads\/2025\/09\/3-1024x683.webp\" alt=\"\" width=\"640\" height=\"427\" srcset=\"https:\/\/www.albinfo.at\/wp-content\/uploads\/2025\/09\/3-1024x683.webp 1024w, https:\/\/www.albinfo.at\/wp-content\/uploads\/2025\/09\/3-300x200.webp 300w, https:\/\/www.albinfo.at\/wp-content\/uploads\/2025\/09\/3-768x512.webp 768w, https:\/\/www.albinfo.at\/wp-content\/uploads\/2025\/09\/3-1536x1024.webp 1536w, https:\/\/www.albinfo.at\/wp-content\/uploads\/2025\/09\/3-210x141.webp 210w, https:\/\/www.albinfo.at\/wp-content\/uploads\/2025\/09\/3-587x391.webp 587w, https:\/\/www.albinfo.at\/wp-content\/uploads\/2025\/09\/3-150x100.webp 150w, https:\/\/www.albinfo.at\/wp-content\/uploads\/2025\/09\/3-263x175.webp 263w, https:\/\/www.albinfo.at\/wp-content\/uploads\/2025\/09\/3.webp 1620w\" sizes=\"auto, (max-width: 640px) 100vw, 640px\" \/><\/a><\/p>\n<p>Laut der Jury vereint das Projekt internationale Erfahrung mit der Kreativit\u00e4t und dem K\u00f6nnen albanischer Fachleute und schafft damit ein Ergebnis, das Eleganz, Nachhaltigkeit und Harmonie mit der Natur widerspiegelt.<\/p>\n<p><a href=\"https:\/\/www.albinfo.ch\/wp-content\/uploads\/2025\/09\/4.webp\"><img loading=\"lazy\" decoding=\"async\" class=\"alignnone size-large wp-image-859852\" src=\"https:\/\/www.albinfo.ch\/wp-content\/uploads\/2025\/09\/4-1024x683.webp\" alt=\"\" width=\"640\" height=\"427\" srcset=\"https:\/\/www.albinfo.at\/wp-content\/uploads\/2025\/09\/4-1024x683.webp 1024w, https:\/\/www.albinfo.at\/wp-content\/uploads\/2025\/09\/4-300x200.webp 300w, https:\/\/www.albinfo.at\/wp-content\/uploads\/2025\/09\/4-768x512.webp 768w, https:\/\/www.albinfo.at\/wp-content\/uploads\/2025\/09\/4-1536x1024.webp 1536w, https:\/\/www.albinfo.at\/wp-content\/uploads\/2025\/09\/4-210x141.webp 210w, https:\/\/www.albinfo.at\/wp-content\/uploads\/2025\/09\/4-587x391.webp 587w, https:\/\/www.albinfo.at\/wp-content\/uploads\/2025\/09\/4-150x100.webp 150w, https:\/\/www.albinfo.at\/wp-content\/uploads\/2025\/09\/4-263x175.webp 263w, https:\/\/www.albinfo.at\/wp-content\/uploads\/2025\/09\/4.webp 1620w\" sizes=\"auto, (max-width: 640px) 100vw, 640px\" \/><\/a><\/p>\n<p>Das Green Coast Hotel &#8211; MGallery stellt einen wichtigen Meilenstein in der Entwicklung von e <a href=\"https:\/\/balfin.al\/\">BALFIN Group<\/a>\u00a0 in der Immobilienbranche dar. Diese Auszeichnung zeigt, dass Wachstum, wenn es mit Verantwortung verbunden ist, und Design, wenn es mit einem klaren Zweck geschaffen wird, neue Ma\u00dfst\u00e4be in der Branche setzen k\u00f6nnen. BALFIN Group entwickelt derzeit mehrere neue Immobilienprojekte in \u00d6sterreich, Albanien, den Vereinigten Staaten, Kanada, Nordmazedonien sowie in anderen L\u00e4ndern.<\/p>\n<p><a href=\"https:\/\/www.albinfo.ch\/wp-content\/uploads\/2025\/09\/5.webp\"><img loading=\"lazy\" decoding=\"async\" class=\"alignnone size-large wp-image-859855\" src=\"https:\/\/www.albinfo.ch\/wp-content\/uploads\/2025\/09\/5-1024x683.webp\" alt=\"\" width=\"640\" height=\"427\" srcset=\"https:\/\/www.albinfo.at\/wp-content\/uploads\/2025\/09\/5-1024x683.webp 1024w, https:\/\/www.albinfo.at\/wp-content\/uploads\/2025\/09\/5-300x200.webp 300w, https:\/\/www.albinfo.at\/wp-content\/uploads\/2025\/09\/5-768x512.webp 768w, https:\/\/www.albinfo.at\/wp-content\/uploads\/2025\/09\/5-1536x1024.webp 1536w, https:\/\/www.albinfo.at\/wp-content\/uploads\/2025\/09\/5-210x141.webp 210w, https:\/\/www.albinfo.at\/wp-content\/uploads\/2025\/09\/5-587x391.webp 587w, https:\/\/www.albinfo.at\/wp-content\/uploads\/2025\/09\/5-150x100.webp 150w, https:\/\/www.albinfo.at\/wp-content\/uploads\/2025\/09\/5-263x175.webp 263w, https:\/\/www.albinfo.at\/wp-content\/uploads\/2025\/09\/5.webp 1620w\" sizes=\"auto, (max-width: 640px) 100vw, 640px\" \/><\/a><\/p>\n<p>Die GRI Awards Europe, die jedes Jahr vom <a href=\"https:\/\/www.griinstitute.org\/\">GRI Institute<\/a>, \u00a0organisiert werden, geh\u00f6ren zu den renommiertesten Auszeichnungen in der Immobilienbranche Europas. Sie w\u00fcrdigen Projekte und Organisationen, die Entwicklung mit Innovation, Nachhaltigkeit und sozialer Wirkung verbinden und dadurch neue Ma\u00dfst\u00e4be f\u00fcr die Branche setzen. Die Preise heben Initiativen hervor, die eine nachhaltigere und verantwortungsvollere Umwelt gestalten. Die Auswahl erfolgt durch einen strengen Prozess, der sowohl Expertenbewertungen als auch Abstimmungen kombiniert.<\/p>\n<figure id=\"attachment_859859\" aria-describedby=\"caption-attachment-859859\" style=\"width: 640px\" class=\"wp-caption alignnone\"><a href=\"https:\/\/www.albinfo.ch\/wp-content\/uploads\/2025\/09\/6-scaled.jpg\"><img loading=\"lazy\" decoding=\"async\" class=\"size-large wp-image-859859\" src=\"https:\/\/www.albinfo.ch\/wp-content\/uploads\/2025\/09\/6-1024x767.jpg\" alt=\"\" width=\"640\" height=\"479\" srcset=\"https:\/\/www.albinfo.at\/wp-content\/uploads\/2025\/09\/6-1024x767.jpg 1024w, https:\/\/www.albinfo.at\/wp-content\/uploads\/2025\/09\/6-300x225.jpg 300w, https:\/\/www.albinfo.at\/wp-content\/uploads\/2025\/09\/6-768x575.jpg 768w, https:\/\/www.albinfo.at\/wp-content\/uploads\/2025\/09\/6-1536x1150.jpg 1536w, https:\/\/www.albinfo.at\/wp-content\/uploads\/2025\/09\/6-2048x1534.jpg 2048w, https:\/\/www.albinfo.at\/wp-content\/uploads\/2025\/09\/6-529x396.jpg 529w, https:\/\/www.albinfo.at\/wp-content\/uploads\/2025\/09\/6-134x100.jpg 134w, https:\/\/www.albinfo.at\/wp-content\/uploads\/2025\/09\/6-234x175.jpg 234w\" sizes=\"auto, (max-width: 640px) 100vw, 640px\" \/><\/a><figcaption id=\"caption-attachment-859859\" class=\"wp-caption-text\">albinfo.ch<\/figcaption><\/figure>\n<figure id=\"attachment_859862\" aria-describedby=\"caption-attachment-859862\" style=\"width: 640px\" class=\"wp-caption alignnone\"><a href=\"https:\/\/www.albinfo.ch\/wp-content\/uploads\/2025\/09\/7-scaled.jpg\"><img loading=\"lazy\" decoding=\"async\" class=\"wp-image-859862 size-large\" src=\"https:\/\/www.albinfo.ch\/wp-content\/uploads\/2025\/09\/7-1024x683.jpg\" alt=\"\" width=\"640\" height=\"427\" srcset=\"https:\/\/www.albinfo.at\/wp-content\/uploads\/2025\/09\/7-1024x683.jpg 1024w, https:\/\/www.albinfo.at\/wp-content\/uploads\/2025\/09\/7-300x200.jpg 300w, https:\/\/www.albinfo.at\/wp-content\/uploads\/2025\/09\/7-768x512.jpg 768w, https:\/\/www.albinfo.at\/wp-content\/uploads\/2025\/09\/7-1536x1024.jpg 1536w, https:\/\/www.albinfo.at\/wp-content\/uploads\/2025\/09\/7-2048x1366.jpg 2048w, https:\/\/www.albinfo.at\/wp-content\/uploads\/2025\/09\/7-210x141.jpg 210w, https:\/\/www.albinfo.at\/wp-content\/uploads\/2025\/09\/7-587x392.jpg 587w, https:\/\/www.albinfo.at\/wp-content\/uploads\/2025\/09\/7-150x100.jpg 150w, https:\/\/www.albinfo.at\/wp-content\/uploads\/2025\/09\/7-262x175.jpg 262w\" sizes=\"auto, (max-width: 640px) 100vw, 640px\" \/><\/a><figcaption id=\"caption-attachment-859862\" class=\"wp-caption-text\">albinfo.ch<\/figcaption><\/figure>\n<figure id=\"attachment_859866\" aria-describedby=\"caption-attachment-859866\" style=\"width: 640px\" class=\"wp-caption alignnone\"><a href=\"https:\/\/www.albinfo.ch\/wp-content\/uploads\/2025\/09\/foto-1-1.webp\"><img loading=\"lazy\" decoding=\"async\" class=\"size-large wp-image-859866\" src=\"https:\/\/www.albinfo.ch\/wp-content\/uploads\/2025\/09\/foto-1-1-1024x683.webp\" alt=\"\" width=\"640\" height=\"427\" srcset=\"https:\/\/www.albinfo.at\/wp-content\/uploads\/2025\/09\/foto-1-1-1024x683.webp 1024w, https:\/\/www.albinfo.at\/wp-content\/uploads\/2025\/09\/foto-1-1-300x200.webp 300w, https:\/\/www.albinfo.at\/wp-content\/uploads\/2025\/09\/foto-1-1-768x512.webp 768w, https:\/\/www.albinfo.at\/wp-content\/uploads\/2025\/09\/foto-1-1-1536x1024.webp 1536w, https:\/\/www.albinfo.at\/wp-content\/uploads\/2025\/09\/foto-1-1-210x141.webp 210w, https:\/\/www.albinfo.at\/wp-content\/uploads\/2025\/09\/foto-1-1-587x391.webp 587w, https:\/\/www.albinfo.at\/wp-content\/uploads\/2025\/09\/foto-1-1-150x100.webp 150w, https:\/\/www.albinfo.at\/wp-content\/uploads\/2025\/09\/foto-1-1-263x175.webp 263w, https:\/\/www.albinfo.at\/wp-content\/uploads\/2025\/09\/foto-1-1.webp 1620w\" sizes=\"auto, (max-width: 640px) 100vw, 640px\" \/><\/a><figcaption id=\"caption-attachment-859866\" class=\"wp-caption-text\">albinfo.ch<\/figcaption><\/figure>\n<p>&nbsp;<\/p>\n","protected":false},"excerpt":{"rendered":"<p>Bei der in Paris organisierten Zeremonie des GRI-Instituts wurde das Green Coast Hotel &#8211; MGallery Collection mit dem renommierten Preis f\u00fcr die beste Architektur des Jahres ausgezeichnet.Dies ist das erste Mal, dass ein Projekt aus Albanien als Gewinner hervorgeht. Die GRI Awards Europe 2025 werden jedes Jahr veranstaltet, um herausragende Leistungen im Bereich der Immobilienentwicklung [&hellip;]<\/p>\n","protected":false},"author":6,"featured_media":859845,"comment_status":"closed","ping_status":"closed","sticky":false,"template":"","format":"standard","meta":{"footnotes":""},"categories":[33056,10649,23264,23262,24622,24656,1129,1412,2015],"tags":[],"vendi":[],"content_country":[29888,31836,31837],"class_list":["post-859966","post","type-post","status-publish","format-standard","has-post-thumbnail","hentry","category-de-balkani-de","category-albanien","category-albania","category-at-balkani-de","category-albanien-de","category-tourismus","category-ch-balkan","category-newsletter-de","category-newsletter-media-de","content_country-zvicer","content_country-austria-de","content_country-germany-de"],"acf":[],"_links":{"self":[{"href":"https:\/\/www.albinfo.at\/de\/wp-json\/wp\/v2\/posts\/859966","targetHints":{"allow":["GET"]}}],"collection":[{"href":"https:\/\/www.albinfo.at\/de\/wp-json\/wp\/v2\/posts"}],"about":[{"href":"https:\/\/www.albinfo.at\/de\/wp-json\/wp\/v2\/types\/post"}],"author":[{"embeddable":true,"href":"https:\/\/www.albinfo.at\/de\/wp-json\/wp\/v2\/users\/6"}],"replies":[{"embeddable":true,"href":"https:\/\/www.albinfo.at\/de\/wp-json\/wp\/v2\/comments?post=859966"}],"version-history":[{"count":1,"href":"https:\/\/www.albinfo.at\/de\/wp-json\/wp\/v2\/posts\/859966\/revisions"}],"predecessor-version":[{"id":859967,"href":"https:\/\/www.albinfo.at\/de\/wp-json\/wp\/v2\/posts\/859966\/revisions\/859967"}],"wp:featuredmedia":[{"embeddable":true,"href":"https:\/\/www.albinfo.at\/de\/wp-json\/wp\/v2\/media\/859845"}],"wp:attachment":[{"href":"https:\/\/www.albinfo.at\/de\/wp-json\/wp\/v2\/media?parent=859966"}],"wp:term":[{"taxonomy":"category","embeddable":true,"href":"https:\/\/www.albinfo.at\/de\/wp-json\/wp\/v2\/categories?post=859966"},{"taxonomy":"post_tag","embeddable":true,"href":"https:\/\/www.albinfo.at\/de\/wp-json\/wp\/v2\/tags?post=859966"},{"taxonomy":"vendi","embeddable":true,"href":"https:\/\/www.albinfo.at\/de\/wp-json\/wp\/v2\/vendi?post=859966"},{"taxonomy":"content_country","embeddable":true,"href":"https:\/\/www.albinfo.at\/de\/wp-json\/wp\/v2\/content_country?post=859966"}],"curies":[{"name":"wp","href":"https:\/\/api.w.org\/{rel}","templated":true}]}}