{"id":859882,"date":"2025-09-12T17:34:06","date_gmt":"2025-09-12T15:34:06","guid":{"rendered":"https:\/\/www.albinfo.ch\/?p=859882"},"modified":"2025-09-12T17:40:24","modified_gmt":"2025-09-12T15:40:24","slug":"der-dokumentarfilm-udha-von-alessandro-ferrantelli-wird-in-rom-mit-lorik-cana-und-arber-agalliun-praesentiert","status":"publish","type":"post","link":"https:\/\/www.albinfo.at\/de\/der-dokumentarfilm-udha-von-alessandro-ferrantelli-wird-in-rom-mit-lorik-cana-und-arber-agalliun-praesentiert\/","title":{"rendered":"Der Dokumentarfilm &#8220;UDHA&#8221; von Alessandro Ferrantelli wird in Rom mit Lorik Cana und Arb\u00ebr Agalliun pr\u00e4sentiert."},"content":{"rendered":"<p>Am 18. September 2025, um 20:30 Uhr, wird im Casa del Cinema, Villa Borghese, in Rom der Dokumentarfilm \u201cUDHA\u201d von Alessandro Ferrantelli pr\u00e4sentiert. Dieser Dokumentarfilm, der die Botschaft \u201cEin Blut, eine Sprache, ein Wort\u201d tr\u00e4gt, ist eine kulturelle und identit\u00e4re Reise f\u00fcr die Albaner.<\/p>\n<figure id=\"attachment_859648\" aria-describedby=\"caption-attachment-859648\" style=\"width: 640px\" class=\"wp-caption alignnone\"><a href=\"https:\/\/www.albinfo.ch\/wp-content\/uploads\/2025\/09\/lorik-cana-dhe-ambasadorja-.jpg\"><img loading=\"lazy\" decoding=\"async\" class=\"wp-image-859648 size-large\" src=\"https:\/\/www.albinfo.ch\/wp-content\/uploads\/2025\/09\/lorik-cana-dhe-ambasadorja--768x1024.jpg\" alt=\"Lorik Cana dhe Dr. Nita Shala, ambasadore e Republik\u00ebs s\u00eb Kosov\u00ebs n\u00eb Itali\" width=\"640\" height=\"853\" srcset=\"https:\/\/www.albinfo.at\/wp-content\/uploads\/2025\/09\/lorik-cana-dhe-ambasadorja--768x1024.jpg 768w, https:\/\/www.albinfo.at\/wp-content\/uploads\/2025\/09\/lorik-cana-dhe-ambasadorja--225x300.jpg 225w, https:\/\/www.albinfo.at\/wp-content\/uploads\/2025\/09\/lorik-cana-dhe-ambasadorja--1152x1536.jpg 1152w, https:\/\/www.albinfo.at\/wp-content\/uploads\/2025\/09\/lorik-cana-dhe-ambasadorja--297x396.jpg 297w, https:\/\/www.albinfo.at\/wp-content\/uploads\/2025\/09\/lorik-cana-dhe-ambasadorja--75x100.jpg 75w, https:\/\/www.albinfo.at\/wp-content\/uploads\/2025\/09\/lorik-cana-dhe-ambasadorja--131x175.jpg 131w, https:\/\/www.albinfo.at\/wp-content\/uploads\/2025\/09\/lorik-cana-dhe-ambasadorja-.jpg 1536w\" sizes=\"auto, (max-width: 640px) 100vw, 640px\" \/><\/a><figcaption id=\"caption-attachment-859648\" class=\"wp-caption-text\">Lorik Cana und Dr. Nita Shala, Botschafterin der Republik Kosovo in Italien<\/figcaption><\/figure>\n<p>Die Veranstaltung wird von Illyrian Brains Roma in Zusammenarbeit mit der Botschaft der Republik Kosovo in Rom organisiert.<br data-start=\"776\" data-end=\"779\" \/>Anwesend sein werden die Protagonisten des Dokumentarfilms: Lorik Cana, ehemaliger Kapit\u00e4n der albanischen Nationalmannschaft, Arb\u00ebr Agalliu, Professor und Forscher, sowie Alessandro Ferrantelli, der Regisseur des Films.<br data-start=\"999\" data-end=\"1002\" \/>Diese Veranstaltung soll die albanische Diaspora und die Freunde der albanischen Kultur in der italienischen Hauptstadt zusammenbringen und das Erbe, die Geschichte und den Weg der Albaner in den Mittelpunkt stellen.<br data-start=\"1218\" data-end=\"1221\" \/>F\u00fcr weitere Informationen und Reservierungen: illyrianbrainsroma@gmail.com<\/p>\n<p><a href=\"https:\/\/www.albinfo.ch\/wp-content\/uploads\/2025\/09\/udha.jpg\"><img loading=\"lazy\" decoding=\"async\" class=\"alignnone size-large wp-image-859652\" src=\"https:\/\/www.albinfo.ch\/wp-content\/uploads\/2025\/09\/udha-819x1024.jpg\" alt=\"\" width=\"640\" height=\"800\" srcset=\"https:\/\/www.albinfo.at\/wp-content\/uploads\/2025\/09\/udha-819x1024.jpg 819w, https:\/\/www.albinfo.at\/wp-content\/uploads\/2025\/09\/udha-240x300.jpg 240w, https:\/\/www.albinfo.at\/wp-content\/uploads\/2025\/09\/udha-768x960.jpg 768w, https:\/\/www.albinfo.at\/wp-content\/uploads\/2025\/09\/udha-317x396.jpg 317w, https:\/\/www.albinfo.at\/wp-content\/uploads\/2025\/09\/udha-80x100.jpg 80w, https:\/\/www.albinfo.at\/wp-content\/uploads\/2025\/09\/udha-140x175.jpg 140w, https:\/\/www.albinfo.at\/wp-content\/uploads\/2025\/09\/udha.jpg 1080w\" sizes=\"auto, (max-width: 640px) 100vw, 640px\" \/><\/a><\/p>\n","protected":false},"excerpt":{"rendered":"<p>Am 18. September 2025, um 20:30 Uhr, wird im Casa del Cinema, Villa Borghese, in Rom der Dokumentarfilm \u201cUDHA\u201d von Alessandro Ferrantelli pr\u00e4sentiert. Dieser Dokumentarfilm, der die Botschaft \u201cEin Blut, eine Sprache, ein Wort\u201d tr\u00e4gt, ist eine kulturelle und identit\u00e4re Reise f\u00fcr die Albaner. Die Veranstaltung wird von Illyrian Brains Roma in Zusammenarbeit mit der [&hellip;]<\/p>\n","protected":false},"author":6,"featured_media":859646,"comment_status":"closed","ping_status":"closed","sticky":false,"template":"","format":"standard","meta":{"footnotes":""},"categories":[34872,1134,1133,1154],"tags":[],"vendi":[],"content_country":[29888,31836,31837],"class_list":["post-859882","post","type-post","status-publish","format-standard","has-post-thumbnail","hentry","category-evente-de","category-integration","category-e-diaspora-de","category-tagebuch","content_country-zvicer","content_country-austria-de","content_country-germany-de"],"acf":[],"_links":{"self":[{"href":"https:\/\/www.albinfo.at\/de\/wp-json\/wp\/v2\/posts\/859882","targetHints":{"allow":["GET"]}}],"collection":[{"href":"https:\/\/www.albinfo.at\/de\/wp-json\/wp\/v2\/posts"}],"about":[{"href":"https:\/\/www.albinfo.at\/de\/wp-json\/wp\/v2\/types\/post"}],"author":[{"embeddable":true,"href":"https:\/\/www.albinfo.at\/de\/wp-json\/wp\/v2\/users\/6"}],"replies":[{"embeddable":true,"href":"https:\/\/www.albinfo.at\/de\/wp-json\/wp\/v2\/comments?post=859882"}],"version-history":[{"count":1,"href":"https:\/\/www.albinfo.at\/de\/wp-json\/wp\/v2\/posts\/859882\/revisions"}],"predecessor-version":[{"id":859883,"href":"https:\/\/www.albinfo.at\/de\/wp-json\/wp\/v2\/posts\/859882\/revisions\/859883"}],"wp:featuredmedia":[{"embeddable":true,"href":"https:\/\/www.albinfo.at\/de\/wp-json\/wp\/v2\/media\/859646"}],"wp:attachment":[{"href":"https:\/\/www.albinfo.at\/de\/wp-json\/wp\/v2\/media?parent=859882"}],"wp:term":[{"taxonomy":"category","embeddable":true,"href":"https:\/\/www.albinfo.at\/de\/wp-json\/wp\/v2\/categories?post=859882"},{"taxonomy":"post_tag","embeddable":true,"href":"https:\/\/www.albinfo.at\/de\/wp-json\/wp\/v2\/tags?post=859882"},{"taxonomy":"vendi","embeddable":true,"href":"https:\/\/www.albinfo.at\/de\/wp-json\/wp\/v2\/vendi?post=859882"},{"taxonomy":"content_country","embeddable":true,"href":"https:\/\/www.albinfo.at\/de\/wp-json\/wp\/v2\/content_country?post=859882"}],"curies":[{"name":"wp","href":"https:\/\/api.w.org\/{rel}","templated":true}]}}