{"id":859674,"date":"2025-09-11T23:47:14","date_gmt":"2025-09-11T21:47:14","guid":{"rendered":"https:\/\/www.albinfo.ch\/?p=859674"},"modified":"2025-09-11T23:48:42","modified_gmt":"2025-09-11T21:48:42","slug":"kino-kosova-ein-fest-fuer-den-film-und-die-integration-mit-werten","status":"publish","type":"post","link":"https:\/\/www.albinfo.at\/de\/kino-kosova-ein-fest-fuer-den-film-und-die-integration-mit-werten\/","title":{"rendered":"&#8220;Kino Kosova&#8221;, ein Fest f\u00fcr den Film und die Integration mit Werten."},"content":{"rendered":"<p data-start=\"666\" data-end=\"975\">Gestern Abend, am 10. September, wurde in Bern die sechste Ausgabe des Filmfestivals <em data-start=\"751\" data-end=\"764\">Kino Kosova<\/em> er\u00f6ffnet. Vor einem vollbesetzten Saal, mit einer Vielzahl von Kunstliebhabern aus der Schweiz, aus Albanien und weiteren L\u00e4ndern, war der Abend gepr\u00e4gt von einer festlichen und zugleich arbeitsamen Stimmung.<\/p>\n<p data-start=\"977\" data-end=\"1169\">Der Er\u00f6ffnung ging ein reichhaltiger Ap\u00e9ro voraus, der den G\u00e4sten die M\u00f6glichkeit bot, in angenehmer Atmosph\u00e4re ins Gespr\u00e4ch zu kommen und sich mit dem Geist des Festivals zu identifizieren.<\/p>\n<p><a href=\"https:\/\/www.albinfo.ch\/wp-content\/uploads\/2025\/09\/kskova-publiku.jpg\"><img loading=\"lazy\" decoding=\"async\" class=\"alignnone wp-image-859588\" src=\"https:\/\/www.albinfo.ch\/wp-content\/uploads\/2025\/09\/kskova-publiku.jpg\" alt=\"\" width=\"600\" height=\"400\" srcset=\"https:\/\/www.albinfo.at\/wp-content\/uploads\/2025\/09\/kskova-publiku.jpg 2048w, https:\/\/www.albinfo.at\/wp-content\/uploads\/2025\/09\/kskova-publiku-300x200.jpg 300w, https:\/\/www.albinfo.at\/wp-content\/uploads\/2025\/09\/kskova-publiku-1024x683.jpg 1024w, https:\/\/www.albinfo.at\/wp-content\/uploads\/2025\/09\/kskova-publiku-768x512.jpg 768w, https:\/\/www.albinfo.at\/wp-content\/uploads\/2025\/09\/kskova-publiku-1536x1024.jpg 1536w, https:\/\/www.albinfo.at\/wp-content\/uploads\/2025\/09\/kskova-publiku-210x141.jpg 210w, https:\/\/www.albinfo.at\/wp-content\/uploads\/2025\/09\/kskova-publiku-587x391.jpg 587w, https:\/\/www.albinfo.at\/wp-content\/uploads\/2025\/09\/kskova-publiku-150x100.jpg 150w, https:\/\/www.albinfo.at\/wp-content\/uploads\/2025\/09\/kskova-publiku-263x175.jpg 263w\" sizes=\"auto, (max-width: 600px) 100vw, 600px\" \/><\/a><\/p>\n<p>&nbsp;<\/p>\n<p data-start=\"620\" data-end=\"733\">Im Namen des Festivalteams stellten Aleksandra Hiltmann und Sabahet Meta die Besonderheiten dieser Ausgabe vor.<\/p>\n<p data-start=\"735\" data-end=\"1011\">Das Programm von <em data-start=\"752\" data-end=\"765\">Kino Kosova<\/em> l\u00e4uft noch vier Tage weiter, bis Sonntag, den 14. September, mit einem vielf\u00e4ltigen Inhalt, der nicht nur Filmvorf\u00fchrungen, sondern auch Diskussionspanels, Konzerte und eine Kunstausstellung umfasst. Albinfo.ch ist Medienpartner des Festivals.<\/p>\n<p><a href=\"https:\/\/www.albinfo.ch\/wp-content\/uploads\/2025\/09\/kskoosva.jpg\"><img loading=\"lazy\" decoding=\"async\" class=\"alignnone wp-image-859567\" src=\"https:\/\/www.albinfo.ch\/wp-content\/uploads\/2025\/09\/kskoosva.jpg\" alt=\"\" width=\"600\" height=\"400\" srcset=\"https:\/\/www.albinfo.at\/wp-content\/uploads\/2025\/09\/kskoosva.jpg 2048w, https:\/\/www.albinfo.at\/wp-content\/uploads\/2025\/09\/kskoosva-300x200.jpg 300w, https:\/\/www.albinfo.at\/wp-content\/uploads\/2025\/09\/kskoosva-1024x684.jpg 1024w, https:\/\/www.albinfo.at\/wp-content\/uploads\/2025\/09\/kskoosva-768x513.jpg 768w, https:\/\/www.albinfo.at\/wp-content\/uploads\/2025\/09\/kskoosva-1536x1025.jpg 1536w, https:\/\/www.albinfo.at\/wp-content\/uploads\/2025\/09\/kskoosva-210x141.jpg 210w, https:\/\/www.albinfo.at\/wp-content\/uploads\/2025\/09\/kskoosva-587x392.jpg 587w, https:\/\/www.albinfo.at\/wp-content\/uploads\/2025\/09\/kskoosva-150x100.jpg 150w, https:\/\/www.albinfo.at\/wp-content\/uploads\/2025\/09\/kskoosva-262x175.jpg 262w\" sizes=\"auto, (max-width: 600px) 100vw, 600px\" \/><\/a><\/p>\n<p>Bei der Programmer\u00f6ffnung sprach Frau Hiltmann \u00fcber den bisherigen Weg des Festivals <em data-start=\"652\" data-end=\"665\">Kino Kosova<\/em>, der durch ein kontinuierliches Wachstum sowohl in der Qualit\u00e4t als auch in der Anzahl der Filme gepr\u00e4gt ist. Sie betonte den Charakter des Festivals als eine offene Plattform f\u00fcr alle, ohne Einschr\u00e4nkungen in Bezug auf Ethnie, Sprache, Orientierung oder Zugeh\u00f6rigkeit.<\/p>\n<p><a href=\"https:\/\/www.albinfo.ch\/wp-content\/uploads\/2025\/09\/kino-kosova-hiltmann.jpg\"><img loading=\"lazy\" decoding=\"async\" class=\"alignnone wp-image-859570\" src=\"https:\/\/www.albinfo.ch\/wp-content\/uploads\/2025\/09\/kino-kosova-hiltmann.jpg\" alt=\"\" width=\"600\" height=\"400\" srcset=\"https:\/\/www.albinfo.at\/wp-content\/uploads\/2025\/09\/kino-kosova-hiltmann.jpg 2048w, https:\/\/www.albinfo.at\/wp-content\/uploads\/2025\/09\/kino-kosova-hiltmann-300x200.jpg 300w, https:\/\/www.albinfo.at\/wp-content\/uploads\/2025\/09\/kino-kosova-hiltmann-1024x684.jpg 1024w, https:\/\/www.albinfo.at\/wp-content\/uploads\/2025\/09\/kino-kosova-hiltmann-768x513.jpg 768w, https:\/\/www.albinfo.at\/wp-content\/uploads\/2025\/09\/kino-kosova-hiltmann-1536x1025.jpg 1536w, https:\/\/www.albinfo.at\/wp-content\/uploads\/2025\/09\/kino-kosova-hiltmann-210x141.jpg 210w, https:\/\/www.albinfo.at\/wp-content\/uploads\/2025\/09\/kino-kosova-hiltmann-587x392.jpg 587w, https:\/\/www.albinfo.at\/wp-content\/uploads\/2025\/09\/kino-kosova-hiltmann-150x100.jpg 150w, https:\/\/www.albinfo.at\/wp-content\/uploads\/2025\/09\/kino-kosova-hiltmann-262x175.jpg 262w\" sizes=\"auto, (max-width: 600px) 100vw, 600px\" \/><\/a><\/p>\n<p data-start=\"775\" data-end=\"947\">So hat <em data-start=\"782\" data-end=\"795\">Kino Kosova<\/em> Unterst\u00fctzung gefunden, nicht nur finanziell, sondern auch durch verschiedene Institutionen und Akteure in der Schweiz, im Kosovo und dar\u00fcber hinaus.<\/p>\n<p data-start=\"949\" data-end=\"1420\">&#8220;In diesem Jahr haben wir uns entschieden, Portugal als Gastland des Festivals einzuladen. Und diese Entscheidung ist kein Zufall\u201c, sagte Frau Hiltmann. \u201eDie Gemeinschaften aus dem Kosovo und aus Portugal haben eine vergleichbare Gr\u00f6\u00dfe, Rolle und Bedeutung in Bezug auf ihren Einfluss auf die Schweizer Gesellschaft. Es ist bekannt, dass laut den neuesten Statistiken die portugiesische und die albanische Gemeinschaft in der Schweiz zahlenm\u00e4\u00dfig fast gleich gro\u00df sind.\u201c<\/p>\n<p><a href=\"https:\/\/www.albinfo.ch\/wp-content\/uploads\/2025\/09\/kino-kosova-apero.jpg\"><img loading=\"lazy\" decoding=\"async\" class=\"alignnone wp-image-859552\" src=\"https:\/\/www.albinfo.ch\/wp-content\/uploads\/2025\/09\/kino-kosova-apero.jpg\" alt=\"\" width=\"600\" height=\"400\" srcset=\"https:\/\/www.albinfo.at\/wp-content\/uploads\/2025\/09\/kino-kosova-apero.jpg 2048w, https:\/\/www.albinfo.at\/wp-content\/uploads\/2025\/09\/kino-kosova-apero-300x200.jpg 300w, https:\/\/www.albinfo.at\/wp-content\/uploads\/2025\/09\/kino-kosova-apero-1024x684.jpg 1024w, https:\/\/www.albinfo.at\/wp-content\/uploads\/2025\/09\/kino-kosova-apero-768x513.jpg 768w, https:\/\/www.albinfo.at\/wp-content\/uploads\/2025\/09\/kino-kosova-apero-1536x1025.jpg 1536w, https:\/\/www.albinfo.at\/wp-content\/uploads\/2025\/09\/kino-kosova-apero-210x141.jpg 210w, https:\/\/www.albinfo.at\/wp-content\/uploads\/2025\/09\/kino-kosova-apero-587x392.jpg 587w, https:\/\/www.albinfo.at\/wp-content\/uploads\/2025\/09\/kino-kosova-apero-150x100.jpg 150w, https:\/\/www.albinfo.at\/wp-content\/uploads\/2025\/09\/kino-kosova-apero-262x175.jpg 262w\" sizes=\"auto, (max-width: 600px) 100vw, 600px\" \/><\/a><\/p>\n<p>Anschlie\u00dfend ergriff Sabahet Meta, k\u00fcnstlerischer Leiter und Gr\u00fcnder des Festivals <em data-start=\"624\" data-end=\"637\">Kino Kosova<\/em>, das Wort. Er best\u00e4tigte die Aussagen seiner Vorrednerin und f\u00fcgte hinzu, dass das Festival inzwischen zu einem ernstzunehmenden Indikator geworden ist\u00a0 nicht nur f\u00fcr das Niveau des Films im Kosovo, sondern auch f\u00fcr die wertvolle Integration der kosovarischen Gemeinschaft in der Schweiz.<\/p>\n<p><a href=\"https:\/\/www.albinfo.ch\/wp-content\/uploads\/2025\/09\/kinokosova-sabahet.jpg\"><img loading=\"lazy\" decoding=\"async\" class=\"alignnone wp-image-859573\" src=\"https:\/\/www.albinfo.ch\/wp-content\/uploads\/2025\/09\/kinokosova-sabahet.jpg\" alt=\"\" width=\"600\" height=\"400\" srcset=\"https:\/\/www.albinfo.at\/wp-content\/uploads\/2025\/09\/kinokosova-sabahet.jpg 2048w, https:\/\/www.albinfo.at\/wp-content\/uploads\/2025\/09\/kinokosova-sabahet-300x200.jpg 300w, https:\/\/www.albinfo.at\/wp-content\/uploads\/2025\/09\/kinokosova-sabahet-1024x683.jpg 1024w, https:\/\/www.albinfo.at\/wp-content\/uploads\/2025\/09\/kinokosova-sabahet-768x512.jpg 768w, https:\/\/www.albinfo.at\/wp-content\/uploads\/2025\/09\/kinokosova-sabahet-1536x1024.jpg 1536w, https:\/\/www.albinfo.at\/wp-content\/uploads\/2025\/09\/kinokosova-sabahet-210x141.jpg 210w, https:\/\/www.albinfo.at\/wp-content\/uploads\/2025\/09\/kinokosova-sabahet-587x391.jpg 587w, https:\/\/www.albinfo.at\/wp-content\/uploads\/2025\/09\/kinokosova-sabahet-150x100.jpg 150w, https:\/\/www.albinfo.at\/wp-content\/uploads\/2025\/09\/kinokosova-sabahet-263x175.jpg 263w\" sizes=\"auto, (max-width: 600px) 100vw, 600px\" \/><\/a><\/p>\n<p data-start=\"1242\" data-end=\"1570\">Meta erw\u00e4hnte als Neuheit die Ausstellung des K\u00fcnstlers Yll Xhaferi aus dem Kosovo, der sich derzeit als \u00abArtist in Residence\u00bb in Bern aufh\u00e4lt. Er w\u00fcrdigte auch den Beitrag von <em data-start=\"1419\" data-end=\"1429\">Dokufest<\/em>, dem bereits etablierten Filmfestival aus Prizren, das als Inspiration f\u00fcr die Gr\u00fcndung und Durchf\u00fchrung von <em data-start=\"1539\" data-end=\"1552\">Kino Kosova<\/em> in Bern diente.<\/p>\n<p data-start=\"1572\" data-end=\"1709\">Die Vertreterin Portugals zeichnete ein Bild der Filmkunst ihres Landes, insbesondere ihrer Entwicklung und ihrer aktuellen Str\u00f6mungen.<\/p>\n<p data-start=\"1711\" data-end=\"2327\">Im weiteren Verlauf des Abends wurden vier Kurzspielfilme gezeigt: zwei aus dem Kosovo, einer aus Portugal und einer aus der Schweiz. Der Film <em data-start=\"1854\" data-end=\"1862\">Rrug\u00ebs<\/em> von Samir Karahoda und <em data-start=\"1886\" data-end=\"1903\">Wie krank, gelb<\/em> von Norika Sefa beleuchteten die kosovarische Realit\u00e4t in zwei unterschiedlichen Zeiten und aus verschiedenen Blickwinkeln. W\u00e4hrend der Film von Norika Sefa mit einem \u00e4sthetisierten Blick die Folgen des Krieges anhand einer famili\u00e4ren Aufnahme verarbeitet, besch\u00e4ftigt sich <em data-start=\"2178\" data-end=\"2186\">Rrug\u00ebs<\/em> von Karahoda mit realistischem Ton und klarer Handlung mit der Trostlosigkeit und Perspektivlosigkeit vieler Menschen im Nachkriegskosovo.<\/p>\n<p><a href=\"https:\/\/www.albinfo.ch\/wp-content\/uploads\/2025\/09\/kkosva-hapja.jpg\"><img loading=\"lazy\" decoding=\"async\" class=\"alignnone wp-image-859579\" src=\"https:\/\/www.albinfo.ch\/wp-content\/uploads\/2025\/09\/kkosva-hapja.jpg\" alt=\"\" width=\"600\" height=\"400\" srcset=\"https:\/\/www.albinfo.at\/wp-content\/uploads\/2025\/09\/kkosva-hapja.jpg 2048w, https:\/\/www.albinfo.at\/wp-content\/uploads\/2025\/09\/kkosva-hapja-300x200.jpg 300w, https:\/\/www.albinfo.at\/wp-content\/uploads\/2025\/09\/kkosva-hapja-1024x684.jpg 1024w, https:\/\/www.albinfo.at\/wp-content\/uploads\/2025\/09\/kkosva-hapja-768x513.jpg 768w, https:\/\/www.albinfo.at\/wp-content\/uploads\/2025\/09\/kkosva-hapja-1536x1025.jpg 1536w, https:\/\/www.albinfo.at\/wp-content\/uploads\/2025\/09\/kkosva-hapja-210x141.jpg 210w, https:\/\/www.albinfo.at\/wp-content\/uploads\/2025\/09\/kkosva-hapja-587x392.jpg 587w, https:\/\/www.albinfo.at\/wp-content\/uploads\/2025\/09\/kkosva-hapja-150x100.jpg 150w, https:\/\/www.albinfo.at\/wp-content\/uploads\/2025\/09\/kkosva-hapja-262x175.jpg 262w\" sizes=\"auto, (max-width: 600px) 100vw, 600px\" \/><\/a><\/p>\n<p data-start=\"761\" data-end=\"1123\">Der Schweizer Film <em data-start=\"780\" data-end=\"786\">1:10<\/em> des Regisseurs Sinan Tarik mit t\u00fcrkischen Wurzeln beleuchtet auf absurde und komische Weise den Ausbruch von Gewalt in einer multikulturellen Gesellschaft wie der Schweiz. Der Film <em data-start=\"968\" data-end=\"987\">The Moving Garden<\/em> der portugiesischen Regisseurin Ines Lima ist hingegen eine poetische Widmung an die Tr\u00e4ume von Liebe unter ungew\u00f6hnlichen Umst\u00e4nden.<\/p>\n<p data-start=\"1125\" data-end=\"1336\">An der Er\u00f6ffnungsveranstaltung des Festivals nahmen auch der Botschafter der Republik Kosovo in der Schweiz, Mentor Latifi, mit seinem diplomatischen Stab sowie der stellvertretende Botschafter Portugals teil.<\/p>\n<p><a href=\"https:\/\/www.albinfo.ch\/wp-content\/uploads\/2025\/09\/kksova-aa.jpg\"><img loading=\"lazy\" decoding=\"async\" class=\"alignnone wp-image-859582\" src=\"https:\/\/www.albinfo.ch\/wp-content\/uploads\/2025\/09\/kksova-aa.jpg\" alt=\"\" width=\"600\" height=\"400\" srcset=\"https:\/\/www.albinfo.at\/wp-content\/uploads\/2025\/09\/kksova-aa.jpg 2048w, https:\/\/www.albinfo.at\/wp-content\/uploads\/2025\/09\/kksova-aa-300x200.jpg 300w, https:\/\/www.albinfo.at\/wp-content\/uploads\/2025\/09\/kksova-aa-1024x683.jpg 1024w, https:\/\/www.albinfo.at\/wp-content\/uploads\/2025\/09\/kksova-aa-768x512.jpg 768w, https:\/\/www.albinfo.at\/wp-content\/uploads\/2025\/09\/kksova-aa-1536x1024.jpg 1536w, https:\/\/www.albinfo.at\/wp-content\/uploads\/2025\/09\/kksova-aa-210x141.jpg 210w, https:\/\/www.albinfo.at\/wp-content\/uploads\/2025\/09\/kksova-aa-587x391.jpg 587w, https:\/\/www.albinfo.at\/wp-content\/uploads\/2025\/09\/kksova-aa-150x100.jpg 150w, https:\/\/www.albinfo.at\/wp-content\/uploads\/2025\/09\/kksova-aa-263x175.jpg 263w\" sizes=\"auto, (max-width: 600px) 100vw, 600px\" \/><\/a><\/p>\n<p><a href=\"https:\/\/www.albinfo.ch\/wp-content\/uploads\/2025\/09\/kosova-shukrije.jpg\"><img loading=\"lazy\" decoding=\"async\" class=\"alignnone wp-image-859564\" src=\"https:\/\/www.albinfo.ch\/wp-content\/uploads\/2025\/09\/kosova-shukrije.jpg\" alt=\"\" width=\"600\" height=\"400\" srcset=\"https:\/\/www.albinfo.at\/wp-content\/uploads\/2025\/09\/kosova-shukrije.jpg 2048w, https:\/\/www.albinfo.at\/wp-content\/uploads\/2025\/09\/kosova-shukrije-300x200.jpg 300w, https:\/\/www.albinfo.at\/wp-content\/uploads\/2025\/09\/kosova-shukrije-1024x684.jpg 1024w, https:\/\/www.albinfo.at\/wp-content\/uploads\/2025\/09\/kosova-shukrije-768x513.jpg 768w, https:\/\/www.albinfo.at\/wp-content\/uploads\/2025\/09\/kosova-shukrije-1536x1025.jpg 1536w, https:\/\/www.albinfo.at\/wp-content\/uploads\/2025\/09\/kosova-shukrije-210x141.jpg 210w, https:\/\/www.albinfo.at\/wp-content\/uploads\/2025\/09\/kosova-shukrije-587x392.jpg 587w, https:\/\/www.albinfo.at\/wp-content\/uploads\/2025\/09\/kosova-shukrije-150x100.jpg 150w, https:\/\/www.albinfo.at\/wp-content\/uploads\/2025\/09\/kosova-shukrije-262x175.jpg 262w\" sizes=\"auto, (max-width: 600px) 100vw, 600px\" \/><\/a><\/p>\n<p><a href=\"https:\/\/www.albinfo.ch\/wp-content\/uploads\/2025\/09\/kino-apero.jpg\"><img loading=\"lazy\" decoding=\"async\" class=\"alignnone wp-image-859591\" src=\"https:\/\/www.albinfo.ch\/wp-content\/uploads\/2025\/09\/kino-apero.jpg\" alt=\"\" width=\"600\" height=\"400\" srcset=\"https:\/\/www.albinfo.at\/wp-content\/uploads\/2025\/09\/kino-apero.jpg 2048w, https:\/\/www.albinfo.at\/wp-content\/uploads\/2025\/09\/kino-apero-300x200.jpg 300w, https:\/\/www.albinfo.at\/wp-content\/uploads\/2025\/09\/kino-apero-1024x683.jpg 1024w, https:\/\/www.albinfo.at\/wp-content\/uploads\/2025\/09\/kino-apero-768x512.jpg 768w, https:\/\/www.albinfo.at\/wp-content\/uploads\/2025\/09\/kino-apero-1536x1025.jpg 1536w, https:\/\/www.albinfo.at\/wp-content\/uploads\/2025\/09\/kino-apero-210x141.jpg 210w, https:\/\/www.albinfo.at\/wp-content\/uploads\/2025\/09\/kino-apero-587x392.jpg 587w, https:\/\/www.albinfo.at\/wp-content\/uploads\/2025\/09\/kino-apero-150x100.jpg 150w, https:\/\/www.albinfo.at\/wp-content\/uploads\/2025\/09\/kino-apero-262x175.jpg 262w\" sizes=\"auto, (max-width: 600px) 100vw, 600px\" \/><\/a><\/p>\n<p data-start=\"404\" data-end=\"615\">In den kommenden Tagen werden weitere Filme der teilnehmenden Kinematografien gezeigt, begleitet von Debatten und Begleitprogrammen. Albinfo.ch wird Sie \u00fcber all diese Veranstaltungen auf dem Laufenden halten.<\/p>\n<p data-start=\"617\" data-end=\"641\">Fotograf: Rromir Imami<\/p>\n","protected":false},"excerpt":{"rendered":"<p>K\u00fcnstlerischer Direktor, Sabahet Meta: Das Festival wird zu einem ernsthaften Indikator nicht nur f\u00fcr das Niveau des Films im Kosovo, sondern auch f\u00fcr die Integration mit Werten der kosovarischen Gemeinschaft in der Schweiz.<\/p>\n","protected":false},"author":6,"featured_media":859578,"comment_status":"closed","ping_status":"closed","sticky":false,"template":"","format":"standard","meta":{"footnotes":""},"categories":[34872,24636,24659,1134,24665,24667,3952,24631,1129,1133,1138,1158,1412,2015],"tags":[],"vendi":[31855],"content_country":[29888,31836,31837],"class_list":["post-859674","post","type-post","status-publish","format-standard","has-post-thumbnail","hentry","category-evente-de","category-nachrichten-de-4","category-musik","category-integration","category-kino","category-ausstellung","category-kosova-de","category-nachrichten-de-2","category-ch-balkan","category-e-diaspora-de","category-kultur","category-themen-vor-ort","category-newsletter-de","category-newsletter-media-de","vendi-bern-de","content_country-zvicer","content_country-austria-de","content_country-germany-de"],"acf":[],"_links":{"self":[{"href":"https:\/\/www.albinfo.at\/de\/wp-json\/wp\/v2\/posts\/859674","targetHints":{"allow":["GET"]}}],"collection":[{"href":"https:\/\/www.albinfo.at\/de\/wp-json\/wp\/v2\/posts"}],"about":[{"href":"https:\/\/www.albinfo.at\/de\/wp-json\/wp\/v2\/types\/post"}],"author":[{"embeddable":true,"href":"https:\/\/www.albinfo.at\/de\/wp-json\/wp\/v2\/users\/6"}],"replies":[{"embeddable":true,"href":"https:\/\/www.albinfo.at\/de\/wp-json\/wp\/v2\/comments?post=859674"}],"version-history":[{"count":1,"href":"https:\/\/www.albinfo.at\/de\/wp-json\/wp\/v2\/posts\/859674\/revisions"}],"predecessor-version":[{"id":859675,"href":"https:\/\/www.albinfo.at\/de\/wp-json\/wp\/v2\/posts\/859674\/revisions\/859675"}],"wp:featuredmedia":[{"embeddable":true,"href":"https:\/\/www.albinfo.at\/de\/wp-json\/wp\/v2\/media\/859578"}],"wp:attachment":[{"href":"https:\/\/www.albinfo.at\/de\/wp-json\/wp\/v2\/media?parent=859674"}],"wp:term":[{"taxonomy":"category","embeddable":true,"href":"https:\/\/www.albinfo.at\/de\/wp-json\/wp\/v2\/categories?post=859674"},{"taxonomy":"post_tag","embeddable":true,"href":"https:\/\/www.albinfo.at\/de\/wp-json\/wp\/v2\/tags?post=859674"},{"taxonomy":"vendi","embeddable":true,"href":"https:\/\/www.albinfo.at\/de\/wp-json\/wp\/v2\/vendi?post=859674"},{"taxonomy":"content_country","embeddable":true,"href":"https:\/\/www.albinfo.at\/de\/wp-json\/wp\/v2\/content_country?post=859674"}],"curies":[{"name":"wp","href":"https:\/\/api.w.org\/{rel}","templated":true}]}}