{"id":859331,"date":"2025-09-10T21:52:05","date_gmt":"2025-09-10T19:52:05","guid":{"rendered":"https:\/\/www.albinfo.ch\/?p=859331"},"modified":"2025-09-10T21:53:11","modified_gmt":"2025-09-10T19:53:11","slug":"heute-abend-wird-das-kino-kosova-eroeffnet-5-naechte-mit-albanischen-filmen-in-bern","status":"publish","type":"post","link":"https:\/\/www.albinfo.at\/de\/heute-abend-wird-das-kino-kosova-eroeffnet-5-naechte-mit-albanischen-filmen-in-bern\/","title":{"rendered":"Heute Abend wird das &#8220;Kino Kosova&#8221; er\u00f6ffnet: 5 N\u00e4chte mit albanischen Filmen in Bern."},"content":{"rendered":"<p data-start=\"1475\" data-end=\"1619\">Die sechste Ausgabe dieses Festivals, das von Jahr zu Jahr sowohl in Quantit\u00e4t als auch in Qualit\u00e4t w\u00e4chst, wird heute Abend in Bern er\u00f6ffnet.<\/p>\n<p data-start=\"1621\" data-end=\"1959\">An f\u00fcnf Abenden haben Filmfreunde die M\u00f6glichkeit, mehr als 30 ausgew\u00e4hlte Filme &#8211; Dokumentar\u00a0 und Spielfilme, Kurz- und Langfilme\u00a0 aus dem Kosovo, der Schweiz und der Diaspora zu sehen. Gastland des diesj\u00e4hrigen Festivals ist Portugal. Neben den Filmvorf\u00fchrungen stehen auch Debatten, Konzerte und Kunstausstellungen auf dem Programm.<\/p>\n<p data-start=\"1961\" data-end=\"2087\">Das Festival wird heute Abend um 20.00 Uhr im Zentrum f\u00fcr Kulturproduktion (Progr), Waisenhausplatz 30, 3011 Bern, er\u00f6ffnet.<\/p>\n<p data-start=\"2089\" data-end=\"2151\">Albinfo.ch ist auch diesmal der Mediensponsor des Festivals.<\/p>\n<p data-start=\"2153\" data-end=\"2534\">Die sechste Ausgabe von \u201cKino Kosova\u201d, die vom 10. bis 14. September stattfindet, steht unter dem Motto \u201cSense of Purpose\u201d. Dieses Thema spiegelt die Spannung zwischen dem Gef\u00fchl des Verlustes und der Suche nach St\u00e4rke wider und fordert das Publikum dazu auf, \u00fcber die Rolle des K\u00fcnstlers und der k\u00fcnstlerischen Gemeinschaft in unruhigen Zeiten nachzudenken, schreibt albinfo.ch.<\/p>\n<p data-start=\"2536\" data-end=\"2774\">Der k\u00fcnstlerische Leiter, Sabahet Meta, betont, dass das Festival darauf abzielt, R\u00e4ume zu schaffen, in denen das Publikum Inspiration finden und eine Verbindung zu kulturellen und politischen Ereignissen im In\u00a0 und Ausland sp\u00fcren kann.<\/p>\n<p><a href=\"https:\/\/www.albinfo.ch\/wp-content\/uploads\/2024\/09\/kino-kosova-5.jpg\"><img loading=\"lazy\" decoding=\"async\" class=\"alignnone wp-image-768983\" src=\"https:\/\/www.albinfo.ch\/wp-content\/uploads\/2024\/09\/kino-kosova-5.jpg\" alt=\"\" width=\"600\" height=\"400\" srcset=\"https:\/\/www.albinfo.at\/wp-content\/uploads\/2024\/09\/kino-kosova-5.jpg 2049w, https:\/\/www.albinfo.at\/wp-content\/uploads\/2024\/09\/kino-kosova-5-300x200.jpg 300w, https:\/\/www.albinfo.at\/wp-content\/uploads\/2024\/09\/kino-kosova-5-1024x683.jpg 1024w, https:\/\/www.albinfo.at\/wp-content\/uploads\/2024\/09\/kino-kosova-5-768x512.jpg 768w, https:\/\/www.albinfo.at\/wp-content\/uploads\/2024\/09\/kino-kosova-5-1536x1025.jpg 1536w, https:\/\/www.albinfo.at\/wp-content\/uploads\/2024\/09\/kino-kosova-5-210x141.jpg 210w, https:\/\/www.albinfo.at\/wp-content\/uploads\/2024\/09\/kino-kosova-5-587x392.jpg 587w, https:\/\/www.albinfo.at\/wp-content\/uploads\/2024\/09\/kino-kosova-5-150x100.jpg 150w, https:\/\/www.albinfo.at\/wp-content\/uploads\/2024\/09\/kino-kosova-5-262x175.jpg 262w\" sizes=\"auto, (max-width: 600px) 100vw, 600px\" \/><\/a><\/p>\n<p data-start=\"90\" data-end=\"392\">Le programme inclut des films de r\u00e9alisateurs kosovars tels que Samir Karahoda, Norika Sefa, Ilir Hasanaj, Ib\u00ebr Deari, Besim Ugzmajli, Florenc Papas, Belkis Bayrak et Aulona Fetahaj, ainsi qu\u2019un nombre de films portugais, pays invit\u00e9 de cette \u00e9dition, dans le cadre du programme \u201cClose-up: Portugal\u201d.<\/p>\n<p data-start=\"394\" data-end=\"894\">Ce choix est directement li\u00e9 \u00e0 la mission de Kino Kosova: aborder, \u00e0 travers le cin\u00e9ma, les th\u00e8mes de la migration, de l\u2019identit\u00e9 et des exp\u00e9riences humaines partag\u00e9es, en favorisant le dialogue interculturel. De plus, le Kosovo et le Portugal partagent une histoire importante avec la Suisse. Les deux communaut\u00e9s ont apport\u00e9, et continuent d\u2019apporter, une contribution pr\u00e9cieuse \u00e0 la vie \u00e9conomique, sociale et culturelle du pays\u00a0 une r\u00e9alit\u00e9 qui se refl\u00e8te \u00e9galement dans leur cin\u00e9matographie.<\/p>\n<p data-start=\"896\" data-end=\"1114\">\u00c0 Berne, les voix \u00e9mergentes du cin\u00e9ma kosovar rencontreront le r\u00e9alisme po\u00e9tique du cin\u00e9ma portugais. Le programme du pays invit\u00e9 est curat\u00e9 par C\u00edntia Gil, connue pour son travail au prestigieux festival Doclisboa.<\/p>\n<p data-start=\"1116\" data-end=\"1204\">L\u2019exploration des th\u00e8mes li\u00e9s \u00e0 l\u2019identit\u00e9 culturelle sera ainsi au c\u0153ur des \u00e9changes.<\/p>\n<p><a href=\"https:\/\/www.albinfo.ch\/wp-content\/uploads\/2025\/09\/kino-kosova-ilustrim.jpg\"><img loading=\"lazy\" decoding=\"async\" class=\"alignnone wp-image-859156\" src=\"https:\/\/www.albinfo.ch\/wp-content\/uploads\/2025\/09\/kino-kosova-ilustrim.jpg\" alt=\"\" width=\"600\" height=\"450\" srcset=\"https:\/\/www.albinfo.at\/wp-content\/uploads\/2025\/09\/kino-kosova-ilustrim.jpg 680w, https:\/\/www.albinfo.at\/wp-content\/uploads\/2025\/09\/kino-kosova-ilustrim-300x225.jpg 300w, https:\/\/www.albinfo.at\/wp-content\/uploads\/2025\/09\/kino-kosova-ilustrim-528x396.jpg 528w, https:\/\/www.albinfo.at\/wp-content\/uploads\/2025\/09\/kino-kosova-ilustrim-133x100.jpg 133w, https:\/\/www.albinfo.at\/wp-content\/uploads\/2025\/09\/kino-kosova-ilustrim-233x175.jpg 233w\" sizes=\"auto, (max-width: 600px) 100vw, 600px\" \/><\/a><\/p>\n<p>&nbsp;<\/p>\n<p data-start=\"1464\" data-end=\"1734\">Das Festival umfasst zudem das Programm \u201cSwiss Shorts\u201d sowie das Projekt \u201cRe-Connect\u201d, eine Zusammenarbeit zwischen jungen K\u00fcnstlerinnen und K\u00fcnstlern aus dem Kosovo und der Schweiz, die Themen wie Identit\u00e4t, kulturelles Erbe, Demokratie und Menschenrechte erforschen.<\/p>\n<p data-start=\"1736\" data-end=\"1917\">Die albanische Musik ist mit Auftritten von Agona Sporta vertreten, w\u00e4hrend die Ausstellung des K\u00fcnstlers Yll Xhaferi und zwei Diskussionspanels das Thema des Festivals vertiefen.<\/p>\n<p data-start=\"1919\" data-end=\"2160\">\u201cKino Kosova\u201d ist nicht nur ein Filmfestival, sondern eine Plattform, die die albanische mit der schweizerischen Gemeinschaft verbindet, gesellschaftliche, kulturelle und politische Fragen behandelt und den interkulturellen Dialog f\u00f6rdert.<\/p>\n<p data-start=\"2162\" data-end=\"2303\">In dieser Ausgabe hat das Publikum die M\u00f6glichkeit, die Schweizer Premieren der Filme <em data-start=\"2248\" data-end=\"2261\">\u201cLuna Park\u201d<\/em> und <em data-start=\"2266\" data-end=\"2291\">\u201cEverybody Calls Redjo\u201d<\/em> zu sehen.<\/p>\n<p data-start=\"2305\" data-end=\"2323\"><strong data-start=\"2305\" data-end=\"2321\">Filmprogramm<\/strong><\/p>\n<p data-start=\"2325\" data-end=\"2548\">Die diesj\u00e4hrige Ausgabe zeigt \u00fcber 30 Spiel- und Dokumentarfilme, lange und kurze, die das Gleichgewicht zwischen der Hoffnung auf eine bessere Zukunft und der Herausforderung, sich der Realit\u00e4t zu stellen, thematisieren.<\/p>\n<p data-start=\"2550\" data-end=\"2713\">In einem speziellen Programm werden au\u00dferdem Schweizer Kurzfilme pr\u00e4sentiert, kuratiert von John Canciani, dem k\u00fcnstlerischen Leiter des Kurzfilmtage Winterthur.<\/p>\n<p data-start=\"2715\" data-end=\"2765\"><strong data-start=\"2715\" data-end=\"2763\">Adriana Matoshi im Mittelpunkt des Festivals<\/strong><\/p>\n<p><a href=\"https:\/\/www.albinfo.ch\/wp-content\/uploads\/2025\/09\/k-kosova-ilustrim.jpg\"><img loading=\"lazy\" decoding=\"async\" class=\"alignnone wp-image-859153\" src=\"https:\/\/www.albinfo.ch\/wp-content\/uploads\/2025\/09\/k-kosova-ilustrim.jpg\" alt=\"\" width=\"600\" height=\"363\" srcset=\"https:\/\/www.albinfo.at\/wp-content\/uploads\/2025\/09\/k-kosova-ilustrim.jpg 676w, https:\/\/www.albinfo.at\/wp-content\/uploads\/2025\/09\/k-kosova-ilustrim-300x182.jpg 300w, https:\/\/www.albinfo.at\/wp-content\/uploads\/2025\/09\/k-kosova-ilustrim-587x355.jpg 587w, https:\/\/www.albinfo.at\/wp-content\/uploads\/2025\/09\/k-kosova-ilustrim-165x100.jpg 165w, https:\/\/www.albinfo.at\/wp-content\/uploads\/2025\/09\/k-kosova-ilustrim-265x160.jpg 265w\" sizes=\"auto, (max-width: 600px) 100vw, 600px\" \/><\/a><\/p>\n<p data-start=\"1645\" data-end=\"2024\">Die kosovarische Schauspielerin Adriana Matoshi, bekannt durch ihre Rollen in <em data-start=\"1723\" data-end=\"1729\">Zana<\/em>, <em data-start=\"1731\" data-end=\"1745\">The Marriage<\/em>, <em data-start=\"1747\" data-end=\"1760\">Aga\u2019s House<\/em> und <em data-start=\"1765\" data-end=\"1780\">Cold November<\/em> (derzeit auf Netflix), war in den letzten f\u00fcnf Jahren regelm\u00e4\u00dfig bei Kino Kosova vertreten. In dieser Ausgabe werden zwei Filme mit ihrer Teilnahme, <em data-start=\"1931\" data-end=\"1944\">\u201cLuna Park\u201d<\/em> und <em data-start=\"1949\" data-end=\"1974\">\u201cEverybody Calls Redjo\u201d,<\/em>\u00a0 ihre Schweizer Premiere beim Festival feiern.<\/p>\n<p data-start=\"2026\" data-end=\"2047\"><strong data-start=\"2026\" data-end=\"2045\">Begleitprogramm<\/strong><\/p>\n<p data-start=\"2049\" data-end=\"2171\">In Zusammenarbeit mit dem Kulturzentrum PROGR und weiteren Partnern bietet das Festival ein vielf\u00e4ltiges Rahmenprogramm:<\/p>\n<p data-start=\"2175\" data-end=\"2350\"><strong data-start=\"2175\" data-end=\"2195\">K\u00fcnstlerresidenz<\/strong> (2 Monate), die in einer Ausstellung w\u00e4hrend des Festivals gipfelt: Yll Xhaferi, interdisziplin\u00e4rer K\u00fcnstler aus dem Kosovo (Malerei &amp; digitale Medien).<\/p>\n<p data-start=\"2353\" data-end=\"2490\"><strong data-start=\"2353\" data-end=\"2369\">Live-Konzert<\/strong>: Agona Shporta Quintet, Pr\u00e4sentation ihres Deb\u00fctalbums <em data-start=\"2425\" data-end=\"2440\">\u201cHape Port\u00ebn\u201d<\/em> (2024). 13.09.2025, 21:30 Uhr, Turnhalle\/PROGR.<\/p>\n<p data-start=\"2493\" data-end=\"2588\"><strong data-start=\"2493\" data-end=\"2508\">After Party<\/strong>: Bacalhau 3000, ein schweizerisch-portugiesisch-brasilianisches DJ-Kollektiv.<\/p>\n<p data-start=\"2591\" data-end=\"2654\"><strong data-start=\"2591\" data-end=\"2610\">Videoprojektion<\/strong>: 12.09.2025, 22:00 Uhr &#8211; Sonarraum\/PROGR.<\/p>\n<p data-start=\"2656\" data-end=\"2712\">Zwei Panel-Diskussionen erg\u00e4nzen das Festivalprogramm.<\/p>\n<p data-start=\"2714\" data-end=\"2774\"><strong data-start=\"2714\" data-end=\"2772\">\u201cRe-Connect\u201d, ein neues Austauschprogramm mit Dokufest<\/strong><\/p>\n<p data-start=\"2776\" data-end=\"3149\">Erstmals wurde in diesem Sommer ein Austauschprogramm mit dem Festival Dokufest in Prizren durchgef\u00fchrt. Junge Mitglieder der kosovarischen Diaspora in der Schweiz reisten in den Kosovo, wo sie gemeinsam mit ihren gleichaltrigen Kollegen vor Ort eigene Filme produzierten,\u00a0 unter Anleitung des Dokufest-Teams. In Bern werden diese Werke erstmals dem Publikum vorgestellt.<\/p>\n<p data-start=\"3151\" data-end=\"3218\">Agona Shporta pr\u00e4sentiert zudem <em data-start=\"3183\" data-end=\"3198\">\u201cHape Port\u00ebn\u201d<\/em> beim Kino Kosova.<\/p>\n<p><a href=\"https:\/\/www.albinfo.ch\/wp-content\/uploads\/2025\/08\/4-8-24-doku-nights-agona-s-tughan-anit65-1-scaled.jpg\"><img loading=\"lazy\" decoding=\"async\" class=\"alignnone wp-image-855911\" src=\"https:\/\/www.albinfo.ch\/wp-content\/uploads\/2025\/08\/4-8-24-doku-nights-agona-s-tughan-anit65-1-scaled.jpg\" alt=\"\" width=\"600\" height=\"400\" srcset=\"https:\/\/www.albinfo.at\/wp-content\/uploads\/2025\/08\/4-8-24-doku-nights-agona-s-tughan-anit65-1-scaled.jpg 2560w, https:\/\/www.albinfo.at\/wp-content\/uploads\/2025\/08\/4-8-24-doku-nights-agona-s-tughan-anit65-1-300x200.jpg 300w, https:\/\/www.albinfo.at\/wp-content\/uploads\/2025\/08\/4-8-24-doku-nights-agona-s-tughan-anit65-1-1024x683.jpg 1024w, https:\/\/www.albinfo.at\/wp-content\/uploads\/2025\/08\/4-8-24-doku-nights-agona-s-tughan-anit65-1-768x512.jpg 768w, https:\/\/www.albinfo.at\/wp-content\/uploads\/2025\/08\/4-8-24-doku-nights-agona-s-tughan-anit65-1-1536x1024.jpg 1536w, https:\/\/www.albinfo.at\/wp-content\/uploads\/2025\/08\/4-8-24-doku-nights-agona-s-tughan-anit65-1-2048x1365.jpg 2048w, https:\/\/www.albinfo.at\/wp-content\/uploads\/2025\/08\/4-8-24-doku-nights-agona-s-tughan-anit65-1-210x141.jpg 210w, https:\/\/www.albinfo.at\/wp-content\/uploads\/2025\/08\/4-8-24-doku-nights-agona-s-tughan-anit65-1-587x391.jpg 587w, https:\/\/www.albinfo.at\/wp-content\/uploads\/2025\/08\/4-8-24-doku-nights-agona-s-tughan-anit65-1-150x100.jpg 150w, https:\/\/www.albinfo.at\/wp-content\/uploads\/2025\/08\/4-8-24-doku-nights-agona-s-tughan-anit65-1-263x175.jpg 263w\" sizes=\"auto, (max-width: 600px) 100vw, 600px\" \/><\/a><\/p>\n<p data-start=\"1792\" data-end=\"2176\">S\u00e4ngerin und Arrangeurin Agona Shporta pr\u00e4sentiert mit <em data-start=\"1847\" data-end=\"1862\">\u201cHape Port\u00ebn\u201d<\/em> (2024) ihr erstes Album\u00a0 eine mutige Neuerfindung der albanischen Volksmusik, verbunden mit modernen Kl\u00e4ngen und improvisatorischem Geist. Mit ihrer eindringlichen Stimme und ihrer besonderen Herangehensweise verbindet Shporta Tradition und Moderne und schafft so ein tiefgehendes und bewegendes Musikerlebnis.<\/p>\n<p data-start=\"2178\" data-end=\"2451\">Begleitet wird sie von renommierten Musikern aus dem Kosovo: Gitarristin Tringa Sadiku, Pianist Ilir Bajri, Bassist Enver Muhamedi und Schlagzeuger Enes Beu. Gemeinsam erschaffen sie eine Klanglandschaft, die in der Tradition verwurzelt ist, aber neue Horizonte er\u00f6ffnet.<\/p>\n<p data-start=\"2453\" data-end=\"2910\">Der Albumtitel <em data-start=\"2468\" data-end=\"2483\">\u201cHape Port\u00ebn\u201d<\/em> (<em data-start=\"2485\" data-end=\"2500\">\u00d6ffne die T\u00fcr<\/em>) ist inspiriert von dem Lied <em data-start=\"2530\" data-end=\"2556\">\u201cHape Port\u00ebn Moj Evrop\u00eb\u201d<\/em>, einer Iso-Polyphonie aus S\u00fcdalbanien der 1990er-Jahre, die die Massenmigration nach dem Zusammenbruch des Kommunismus widerspiegelte. In Shportas Version wird das Lied im Kontext der Visaliberalisierung f\u00fcr den Kosovo im Jahr 2024 neu interpretiert\u00a0 der Blick richtet sich von den Schwierigkeiten der Vergangenheit auf eine hoffnungsvollere Zukunft.<\/p>\n<p data-start=\"2912\" data-end=\"3208\">Zum Repertoire geh\u00f6ren au\u00dferdem Bearbeitungen von Klassikern der gro\u00dfen Nexhmije Pagarusha sowie Vertonungen von Gedichten Xhevdet Bajrajs, die Themen wie Liebe und menschliche Emotionen vereinen. Ihre Musik ehrt die Vergangenheit und er\u00f6ffnet zugleich neue Horizonte f\u00fcr den albanischen Klang.<\/p>\n<p data-start=\"3210\" data-end=\"3358\">Agona Shporta und ihr Ensemble pr\u00e4sentieren <em data-start=\"3254\" data-end=\"3267\">Hape Port\u00ebn<\/em> live beim Kino Kosova Film Festival am 13. September in der Turnhalle\/PROGR in Bern. <a href=\"www.kinokosova.com\">www.kinokosova.com<\/a>.<\/p>\n<p>\u00dcber das Festival &#8220;Kino Kosova&#8221;<\/p>\n<p><a href=\"https:\/\/www.albinfo.ch\/wp-content\/uploads\/2024\/09\/kino-kosova-4.jpg\"><img loading=\"lazy\" decoding=\"async\" class=\"alignnone wp-image-768986\" src=\"https:\/\/www.albinfo.ch\/wp-content\/uploads\/2024\/09\/kino-kosova-4.jpg\" alt=\"\" width=\"600\" height=\"400\" srcset=\"https:\/\/www.albinfo.at\/wp-content\/uploads\/2024\/09\/kino-kosova-4.jpg 2049w, https:\/\/www.albinfo.at\/wp-content\/uploads\/2024\/09\/kino-kosova-4-300x200.jpg 300w, https:\/\/www.albinfo.at\/wp-content\/uploads\/2024\/09\/kino-kosova-4-1024x683.jpg 1024w, https:\/\/www.albinfo.at\/wp-content\/uploads\/2024\/09\/kino-kosova-4-768x512.jpg 768w, https:\/\/www.albinfo.at\/wp-content\/uploads\/2024\/09\/kino-kosova-4-1536x1025.jpg 1536w, https:\/\/www.albinfo.at\/wp-content\/uploads\/2024\/09\/kino-kosova-4-210x141.jpg 210w, https:\/\/www.albinfo.at\/wp-content\/uploads\/2024\/09\/kino-kosova-4-587x392.jpg 587w, https:\/\/www.albinfo.at\/wp-content\/uploads\/2024\/09\/kino-kosova-4-150x100.jpg 150w, https:\/\/www.albinfo.at\/wp-content\/uploads\/2024\/09\/kino-kosova-4-262x175.jpg 262w\" sizes=\"auto, (max-width: 600px) 100vw, 600px\" \/><\/a><\/p>\n<p data-start=\"1136\" data-end=\"1400\">Kino Kosova wurde 2019 von Sabahet Meta gegr\u00fcndet, der zehn Jahre zuvor in die Schweiz gezogen war und den Geist des Dokufests aus seiner Heimatstadt Prizren mitbrachte. Das Festival ist von Jahr zu Jahr gewachsen und heute als gemeinn\u00fctziger Verein registriert.<\/p>\n<p data-start=\"1402\" data-end=\"1508\">Es widmet sich dem alternativen Kino und ist \u00fcberzeugt von dessen Kraft, neue Denkhorizonte zu er\u00f6ffnen.<\/p>\n<p data-start=\"1510\" data-end=\"1996\">\u201eUnser Ziel ist es, einen Raum zu schaffen, in dem Kunst nicht nur ein visuelles Erlebnis auf der Leinwand bleibt, sondern zu einem Treffpunkt von Menschen, Ideen und Erfahrungen wird. Ein Ort, an dem das Publikum nicht nur zusieht, sondern auch nachdenkt, Fragen stellt, diskutiert und Gedanken austauscht. In einer Zeit, in der spaltende Rhetorik immer mehr an Boden gewinnt, glauben wir, dass es wichtiger denn je ist, Br\u00fccken zwischen den Menschen zu bauen\u201c, erkl\u00e4rt Sabahet Meta.<\/p>\n<p>https:\/\/www.kinokosova.com\/de\/praktische-infos\/<\/p>\n<p><a href=\"https:\/\/www.albinfo.ch\/wp-content\/uploads\/2025\/09\/info.jpg\"><img loading=\"lazy\" decoding=\"async\" class=\"alignnone wp-image-859165\" src=\"https:\/\/www.albinfo.ch\/wp-content\/uploads\/2025\/09\/info-1024x496.jpg\" alt=\"\" width=\"700\" height=\"339\" srcset=\"https:\/\/www.albinfo.at\/wp-content\/uploads\/2025\/09\/info-1024x496.jpg 1024w, https:\/\/www.albinfo.at\/wp-content\/uploads\/2025\/09\/info-300x145.jpg 300w, https:\/\/www.albinfo.at\/wp-content\/uploads\/2025\/09\/info-768x372.jpg 768w, https:\/\/www.albinfo.at\/wp-content\/uploads\/2025\/09\/info-1536x745.jpg 1536w, https:\/\/www.albinfo.at\/wp-content\/uploads\/2025\/09\/info-587x285.jpg 587w, https:\/\/www.albinfo.at\/wp-content\/uploads\/2025\/09\/info-180x87.jpg 180w, https:\/\/www.albinfo.at\/wp-content\/uploads\/2025\/09\/info-265x128.jpg 265w, https:\/\/www.albinfo.at\/wp-content\/uploads\/2025\/09\/info.jpg 1805w\" sizes=\"auto, (max-width: 700px) 100vw, 700px\" \/><\/a><\/p>\n","protected":false},"excerpt":{"rendered":"<p>In f\u00fcnf Tagen werden \u00fcber 30 Dokumentar- und Spielfilme aus Kosovo, der Schweiz und der Diaspora gezeigt. Portugal ist das Gastland des Festivals.<\/p>\n","protected":false},"author":6,"featured_media":763056,"comment_status":"closed","ping_status":"closed","sticky":false,"template":"","format":"standard","meta":{"footnotes":""},"categories":[34872,24659,1134,1141,1144,24665,24667,24631,1133,1138,1140],"tags":[],"vendi":[31855],"content_country":[29888,31836,31837],"class_list":["post-859331","post","type-post","status-publish","format-standard","has-post-thumbnail","hentry","category-evente-de","category-musik","category-integration","category-themen","category-veranstaltungen","category-kino","category-ausstellung","category-nachrichten-de-2","category-e-diaspora-de","category-kultur","category-leben-in-der-schweiz","vendi-bern-de","content_country-zvicer","content_country-austria-de","content_country-germany-de"],"acf":[],"_links":{"self":[{"href":"https:\/\/www.albinfo.at\/de\/wp-json\/wp\/v2\/posts\/859331","targetHints":{"allow":["GET"]}}],"collection":[{"href":"https:\/\/www.albinfo.at\/de\/wp-json\/wp\/v2\/posts"}],"about":[{"href":"https:\/\/www.albinfo.at\/de\/wp-json\/wp\/v2\/types\/post"}],"author":[{"embeddable":true,"href":"https:\/\/www.albinfo.at\/de\/wp-json\/wp\/v2\/users\/6"}],"replies":[{"embeddable":true,"href":"https:\/\/www.albinfo.at\/de\/wp-json\/wp\/v2\/comments?post=859331"}],"version-history":[{"count":1,"href":"https:\/\/www.albinfo.at\/de\/wp-json\/wp\/v2\/posts\/859331\/revisions"}],"predecessor-version":[{"id":859334,"href":"https:\/\/www.albinfo.at\/de\/wp-json\/wp\/v2\/posts\/859331\/revisions\/859334"}],"wp:featuredmedia":[{"embeddable":true,"href":"https:\/\/www.albinfo.at\/de\/wp-json\/wp\/v2\/media\/763056"}],"wp:attachment":[{"href":"https:\/\/www.albinfo.at\/de\/wp-json\/wp\/v2\/media?parent=859331"}],"wp:term":[{"taxonomy":"category","embeddable":true,"href":"https:\/\/www.albinfo.at\/de\/wp-json\/wp\/v2\/categories?post=859331"},{"taxonomy":"post_tag","embeddable":true,"href":"https:\/\/www.albinfo.at\/de\/wp-json\/wp\/v2\/tags?post=859331"},{"taxonomy":"vendi","embeddable":true,"href":"https:\/\/www.albinfo.at\/de\/wp-json\/wp\/v2\/vendi?post=859331"},{"taxonomy":"content_country","embeddable":true,"href":"https:\/\/www.albinfo.at\/de\/wp-json\/wp\/v2\/content_country?post=859331"}],"curies":[{"name":"wp","href":"https:\/\/api.w.org\/{rel}","templated":true}]}}