{"id":858893,"date":"2025-09-08T23:47:46","date_gmt":"2025-09-08T21:47:46","guid":{"rendered":"https:\/\/www.albinfo.ch\/?p=858893"},"modified":"2025-09-08T23:48:28","modified_gmt":"2025-09-08T21:48:28","slug":"schweiz-3-tore-fuer-3-punkte","status":"publish","type":"post","link":"https:\/\/www.albinfo.at\/de\/schweiz-3-tore-fuer-3-punkte\/","title":{"rendered":"Schweiz, 3 Tore f\u00fcr 3 Punkte"},"content":{"rendered":"<p data-start=\"684\" data-end=\"790\">Die Schweiz ist mit einem perfekten Start in die Qualifikation f\u00fcr die Weltmeisterschaft 2026 gestartet.<\/p>\n<p data-start=\"792\" data-end=\"910\">Nach dem 4:0-Sieg gegen Kosovo, ebenfalls in Basel, gewann die Schweiz gegen Slowenien mit 3:0, schreibt albinfo.ch.<\/p>\n<p data-start=\"912\" data-end=\"1039\">Elvedi erzielte in der 18. Minute das erste Tor, Embolo erh\u00f6hte in der 33. Minute und f\u00fcnf Minuten sp\u00e4ter traf Ndoye zum 3:0.<\/p>\n<p data-start=\"1041\" data-end=\"1262\">In der zweiten Halbzeit fielen keine weiteren Tore und die Schweiz gewann mit 3:0. Damit hat sie aus den ersten beiden Spielen sechs Punkte gesammelt. Das n\u00e4chste Spiel bestreitet sie im Oktober ausw\u00e4rts gegen Schweden.<\/p>\n","protected":false},"excerpt":{"rendered":"<p>Drei Tore in der ersten Halbzeit reichten f\u00fcr die n\u00e4chsten drei Punkte der Schweiz.<\/p>\n","protected":false},"author":6,"featured_media":858855,"comment_status":"closed","ping_status":"closed","sticky":false,"template":"","format":"standard","meta":{"footnotes":""},"categories":[4023,1139],"tags":[],"vendi":[],"content_country":[],"class_list":["post-858893","post","type-post","status-publish","format-standard","has-post-thumbnail","hentry","category-futboll-de","category-sport"],"acf":[],"_links":{"self":[{"href":"https:\/\/www.albinfo.at\/de\/wp-json\/wp\/v2\/posts\/858893","targetHints":{"allow":["GET"]}}],"collection":[{"href":"https:\/\/www.albinfo.at\/de\/wp-json\/wp\/v2\/posts"}],"about":[{"href":"https:\/\/www.albinfo.at\/de\/wp-json\/wp\/v2\/types\/post"}],"author":[{"embeddable":true,"href":"https:\/\/www.albinfo.at\/de\/wp-json\/wp\/v2\/users\/6"}],"replies":[{"embeddable":true,"href":"https:\/\/www.albinfo.at\/de\/wp-json\/wp\/v2\/comments?post=858893"}],"version-history":[{"count":1,"href":"https:\/\/www.albinfo.at\/de\/wp-json\/wp\/v2\/posts\/858893\/revisions"}],"predecessor-version":[{"id":858894,"href":"https:\/\/www.albinfo.at\/de\/wp-json\/wp\/v2\/posts\/858893\/revisions\/858894"}],"wp:featuredmedia":[{"embeddable":true,"href":"https:\/\/www.albinfo.at\/de\/wp-json\/wp\/v2\/media\/858855"}],"wp:attachment":[{"href":"https:\/\/www.albinfo.at\/de\/wp-json\/wp\/v2\/media?parent=858893"}],"wp:term":[{"taxonomy":"category","embeddable":true,"href":"https:\/\/www.albinfo.at\/de\/wp-json\/wp\/v2\/categories?post=858893"},{"taxonomy":"post_tag","embeddable":true,"href":"https:\/\/www.albinfo.at\/de\/wp-json\/wp\/v2\/tags?post=858893"},{"taxonomy":"vendi","embeddable":true,"href":"https:\/\/www.albinfo.at\/de\/wp-json\/wp\/v2\/vendi?post=858893"},{"taxonomy":"content_country","embeddable":true,"href":"https:\/\/www.albinfo.at\/de\/wp-json\/wp\/v2\/content_country?post=858893"}],"curies":[{"name":"wp","href":"https:\/\/api.w.org\/{rel}","templated":true}]}}