{"id":858712,"date":"2025-09-08T14:51:28","date_gmt":"2025-09-08T12:51:28","guid":{"rendered":"https:\/\/www.albinfo.ch\/?p=858712"},"modified":"2025-09-08T14:53:24","modified_gmt":"2025-09-08T12:53:24","slug":"riola-xhemaili-war-eine-heldin-fuer-psv-eindhoven","status":"publish","type":"post","link":"https:\/\/www.albinfo.at\/de\/riola-xhemaili-war-eine-heldin-fuer-psv-eindhoven\/","title":{"rendered":"Riola Xhemaili war eine Heldin f\u00fcr PSV Eindhoven"},"content":{"rendered":"<article class=\"text-token-text-primary w-full focus:outline-none scroll-mt-[calc(var(--header-height)+min(200px,max(70px,20svh)))]\" dir=\"auto\" tabindex=\"-1\" data-turn-id=\"request-6883bae7-0b80-832d-9a8a-4241d72b3087-27\" data-testid=\"conversation-turn-616\" data-scroll-anchor=\"true\" data-turn=\"assistant\">\n<div class=\"text-base my-auto mx-auto pb-10 [--thread-content-margin:--spacing(4)] thread-sm:[--thread-content-margin:--spacing(6)] thread-lg:[--thread-content-margin:--spacing(16)] px-(--thread-content-margin)\">\n<div class=\"[--thread-content-max-width:40rem] thread-sm:[--thread-content-max-width:40rem] thread-lg:[--thread-content-max-width:48rem] mx-auto max-w-(--thread-content-max-width) flex-1 group\/turn-messages focus-visible:outline-hidden relative flex w-full min-w-0 flex-col agent-turn\" tabindex=\"-1\">\n<div class=\"flex max-w-full flex-col grow\">\n<div class=\"min-h-8 text-message relative flex w-full flex-col items-end gap-2 text-start break-words whitespace-normal [.text-message+&amp;]:mt-5\" dir=\"auto\" data-message-author-role=\"assistant\" data-message-id=\"5fa700b3-1ef1-4010-99ca-aa3a4bdf573e\" data-message-model-slug=\"gpt-5\">\n<div class=\"flex w-full flex-col gap-1 empty:hidden first:pt-[3px]\">\n<div class=\"markdown prose dark:prose-invert w-full break-words light markdown-new-styling\">\n<p data-start=\"1324\" data-end=\"1473\">Die Schweizer Nationalspielerinnen gl\u00e4nzten am Wochenende mit Toren, Deb\u00fcts und soliden Auftritten in den europ\u00e4ischen Ligen, berichtet albinfo.ch.<\/p>\n<p data-start=\"1475\" data-end=\"1683\">\ud83c\udde8\ud83c\udded Das Wochenende brachte wichtige Entwicklungen f\u00fcr mehrere Spielerinnen der Schweizer Nationalmannschaft, die entweder ihr Deb\u00fct gaben oder gleich im Auftakt der Saison bleibende Eindr\u00fccke hinterlie\u00dfen.<\/p>\n<p data-start=\"1685\" data-end=\"1856\">Riola Xhemaili war die Heldin f\u00fcr PSV Eindhoven, indem sie das einzige Tor beim 1:0-Sieg gegen Excelsior Rotterdam zum Start der Eredivisie in den Niederlanden erzielte.<\/p>\n<p data-start=\"1858\" data-end=\"2008\">Iman Beney feierte ihr Deb\u00fct in der englischen Liga im Trikot von Manchester City. Sie wurde in der 85. Minute beim 1:2 gegen Chelsea eingewechselt.<\/p>\n<p data-start=\"2010\" data-end=\"2317\">In Deutschland deb\u00fctierte Noemi Ivelj f\u00fcr Eintracht Frankfurt, als sie in der 70. Minute beim klaren 5:0-Sieg gegen Essen ins Spiel kam. Auch Aur\u00e9lie Csillag absolvierte ihren ersten Bundesliga-Einsatz, als sie in der 63. Minute f\u00fcr den SC Freiburg beim 1:1-Unentschieden gegen Bremen eingewechselt wurde.<\/p>\n<p data-start=\"2319\" data-end=\"2491\" data-is-last-node=\"\" data-is-only-node=\"\">Unterdessen wurde Torh\u00fcterin Elvira Herzog zur Protagonistin f\u00fcr RB Leipzig. Mit ihren Paraden hielt sie das Tor sauber und trug entscheidend zum 2:0-Sieg gegen K\u00f6ln bei.<\/p>\n<\/div>\n<\/div>\n<\/div>\n<\/div>\n<div class=\"flex min-h-[46px] justify-start\"><\/div>\n<div class=\"mt-3 w-full empty:hidden\">\n<div class=\"text-center\"><\/div>\n<\/div>\n<\/div>\n<\/div>\n<\/article>\n<div class=\"pointer-events-none h-px w-px\" aria-hidden=\"true\" data-edge=\"true\"><\/div>\n","protected":false},"excerpt":{"rendered":"<p>Die Schweizer Nationalspielerinnen gl\u00e4nzten am Wochenende mit Toren, Deb\u00fcts und soliden Auftritten in den europ\u00e4ischen Ligen, berichtet albinfo.ch. \ud83c\udde8\ud83c\udded Das Wochenende brachte wichtige Entwicklungen f\u00fcr mehrere Spielerinnen der Schweizer Nationalmannschaft, die entweder ihr Deb\u00fct gaben oder gleich im Auftakt der Saison bleibende Eindr\u00fccke hinterlie\u00dfen. Riola Xhemaili war die Heldin f\u00fcr PSV Eindhoven, indem sie das [&hellip;]<\/p>\n","protected":false},"author":6,"featured_media":858640,"comment_status":"closed","ping_status":"closed","sticky":false,"template":"","format":"standard","meta":{"footnotes":""},"categories":[4023,1139],"tags":[],"vendi":[],"content_country":[],"class_list":["post-858712","post","type-post","status-publish","format-standard","has-post-thumbnail","hentry","category-futboll-de","category-sport"],"acf":[],"_links":{"self":[{"href":"https:\/\/www.albinfo.at\/de\/wp-json\/wp\/v2\/posts\/858712","targetHints":{"allow":["GET"]}}],"collection":[{"href":"https:\/\/www.albinfo.at\/de\/wp-json\/wp\/v2\/posts"}],"about":[{"href":"https:\/\/www.albinfo.at\/de\/wp-json\/wp\/v2\/types\/post"}],"author":[{"embeddable":true,"href":"https:\/\/www.albinfo.at\/de\/wp-json\/wp\/v2\/users\/6"}],"replies":[{"embeddable":true,"href":"https:\/\/www.albinfo.at\/de\/wp-json\/wp\/v2\/comments?post=858712"}],"version-history":[{"count":1,"href":"https:\/\/www.albinfo.at\/de\/wp-json\/wp\/v2\/posts\/858712\/revisions"}],"predecessor-version":[{"id":858713,"href":"https:\/\/www.albinfo.at\/de\/wp-json\/wp\/v2\/posts\/858712\/revisions\/858713"}],"wp:featuredmedia":[{"embeddable":true,"href":"https:\/\/www.albinfo.at\/de\/wp-json\/wp\/v2\/media\/858640"}],"wp:attachment":[{"href":"https:\/\/www.albinfo.at\/de\/wp-json\/wp\/v2\/media?parent=858712"}],"wp:term":[{"taxonomy":"category","embeddable":true,"href":"https:\/\/www.albinfo.at\/de\/wp-json\/wp\/v2\/categories?post=858712"},{"taxonomy":"post_tag","embeddable":true,"href":"https:\/\/www.albinfo.at\/de\/wp-json\/wp\/v2\/tags?post=858712"},{"taxonomy":"vendi","embeddable":true,"href":"https:\/\/www.albinfo.at\/de\/wp-json\/wp\/v2\/vendi?post=858712"},{"taxonomy":"content_country","embeddable":true,"href":"https:\/\/www.albinfo.at\/de\/wp-json\/wp\/v2\/content_country?post=858712"}],"curies":[{"name":"wp","href":"https:\/\/api.w.org\/{rel}","templated":true}]}}