{"id":858593,"date":"2025-09-07T21:41:06","date_gmt":"2025-09-07T19:41:06","guid":{"rendered":"https:\/\/www.albinfo.ch\/?p=858593"},"modified":"2025-09-07T21:42:00","modified_gmt":"2025-09-07T19:42:00","slug":"granit-xhaka-und-albian-ajeti-sind-besondere-gaeste-beim-spiel-von-fc-dardania","status":"publish","type":"post","link":"https:\/\/www.albinfo.at\/de\/granit-xhaka-und-albian-ajeti-sind-besondere-gaeste-beim-spiel-von-fc-dardania\/","title":{"rendered":"Granit Xhaka und Albian Ajeti sind besondere G\u00e4ste beim Spiel von FC Dardania."},"content":{"rendered":"<p data-start=\"962\" data-end=\"1216\">Einen Tag nach dem Spiel zwischen der Schweiz und dem Kosovo, das mit einem klaren 4:0-Sieg der Eidgenossen endete, durfte der FC Dardania einen besonderen Gast begr\u00fc\u00dfen: den Kapit\u00e4n der Schweizer Nationalmannschaft, Granit Xhaka, berichtet albinfo.ch.<\/p>\n<p data-start=\"1218\" data-end=\"1483\">Xhaka verfolgte aus n\u00e4chster N\u00e4he das Spiel des Vereins, bei dem sein Bruder Taulant Xhaka als Trainer t\u00e4tig ist. Die Stimmung im Stadion war gro\u00dfartig, mit vielen anwesenden Fans, die die M\u00f6glichkeit hatten, Fotos zu machen und Autogramme von Granit zu bekommen.<\/p>\n<p data-start=\"1485\" data-end=\"1659\">Doch die \u00dcberraschung ging weiter: Auch der FC-Basel-Spieler Albian Ajeti erwies dem Klub die Ehre, und wurde von allen Anwesenden mit viel Zuneigung und Respekt empfangen.<\/p>\n<p data-start=\"1661\" data-end=\"1819\" data-is-last-node=\"\" data-is-only-node=\"\">Die Vereinsleitung bedankte sich herzlich bei Granit Xhaka und Albian Ajeti f\u00fcr ihre Zeit und die gezeigte Wertsch\u00e4tzung gegen\u00fcber dem Klub und seinen Fans.<\/p>\n<p><iframe loading=\"lazy\" style=\"border: none; overflow: hidden;\" src=\"https:\/\/www.facebook.com\/plugins\/post.php?href=https%3A%2F%2Fwww.facebook.com%2Ffcdardaniabasel%2Fposts%2Fpfbid06SNUyN7vuB1drFAWWcyXrjPRXqvm4DSmYrpaUWs17E5Ywdj6xGSmQ47w8rsmCq7Gl&amp;show_text=true&amp;width=500\" width=\"500\" height=\"710\" frameborder=\"0\" scrolling=\"no\" allowfullscreen=\"allowfullscreen\" data-mce-fragment=\"1\"><\/iframe><\/p>\n","protected":false},"excerpt":{"rendered":"<p>Einen Tag nach dem Spiel zwischen der Schweiz und dem Kosovo, das mit einem klaren 4:0-Sieg der Eidgenossen endete, durfte der FC Dardania einen besonderen Gast begr\u00fc\u00dfen: den Kapit\u00e4n der Schweizer Nationalmannschaft, Granit Xhaka, berichtet albinfo.ch. Xhaka verfolgte aus n\u00e4chster N\u00e4he das Spiel des Vereins, bei dem sein Bruder Taulant Xhaka als Trainer t\u00e4tig ist. [&hellip;]<\/p>\n","protected":false},"author":6,"featured_media":858490,"comment_status":"closed","ping_status":"closed","sticky":false,"template":"","format":"standard","meta":{"footnotes":""},"categories":[1141,4023,1140,1139],"tags":[],"vendi":[],"content_country":[29888,31836,31837],"class_list":["post-858593","post","type-post","status-publish","format-standard","has-post-thumbnail","hentry","category-themen","category-futboll-de","category-leben-in-der-schweiz","category-sport","content_country-zvicer","content_country-austria-de","content_country-germany-de"],"acf":[],"_links":{"self":[{"href":"https:\/\/www.albinfo.at\/de\/wp-json\/wp\/v2\/posts\/858593","targetHints":{"allow":["GET"]}}],"collection":[{"href":"https:\/\/www.albinfo.at\/de\/wp-json\/wp\/v2\/posts"}],"about":[{"href":"https:\/\/www.albinfo.at\/de\/wp-json\/wp\/v2\/types\/post"}],"author":[{"embeddable":true,"href":"https:\/\/www.albinfo.at\/de\/wp-json\/wp\/v2\/users\/6"}],"replies":[{"embeddable":true,"href":"https:\/\/www.albinfo.at\/de\/wp-json\/wp\/v2\/comments?post=858593"}],"version-history":[{"count":1,"href":"https:\/\/www.albinfo.at\/de\/wp-json\/wp\/v2\/posts\/858593\/revisions"}],"predecessor-version":[{"id":858594,"href":"https:\/\/www.albinfo.at\/de\/wp-json\/wp\/v2\/posts\/858593\/revisions\/858594"}],"wp:featuredmedia":[{"embeddable":true,"href":"https:\/\/www.albinfo.at\/de\/wp-json\/wp\/v2\/media\/858490"}],"wp:attachment":[{"href":"https:\/\/www.albinfo.at\/de\/wp-json\/wp\/v2\/media?parent=858593"}],"wp:term":[{"taxonomy":"category","embeddable":true,"href":"https:\/\/www.albinfo.at\/de\/wp-json\/wp\/v2\/categories?post=858593"},{"taxonomy":"post_tag","embeddable":true,"href":"https:\/\/www.albinfo.at\/de\/wp-json\/wp\/v2\/tags?post=858593"},{"taxonomy":"vendi","embeddable":true,"href":"https:\/\/www.albinfo.at\/de\/wp-json\/wp\/v2\/vendi?post=858593"},{"taxonomy":"content_country","embeddable":true,"href":"https:\/\/www.albinfo.at\/de\/wp-json\/wp\/v2\/content_country?post=858593"}],"curies":[{"name":"wp","href":"https:\/\/api.w.org\/{rel}","templated":true}]}}