{"id":858446,"date":"2025-09-06T21:11:52","date_gmt":"2025-09-06T19:11:52","guid":{"rendered":"https:\/\/www.albinfo.ch\/?p=858446"},"modified":"2025-09-06T21:12:59","modified_gmt":"2025-09-06T19:12:59","slug":"der-import-von-elektrofahrzeugen-im-kosovo-steigt-die-buerger-fordern-die-abschaffung-der-zollgebuehren","status":"publish","type":"post","link":"https:\/\/www.albinfo.at\/de\/der-import-von-elektrofahrzeugen-im-kosovo-steigt-die-buerger-fordern-die-abschaffung-der-zollgebuehren\/","title":{"rendered":"Der Import von Elektrofahrzeugen im Kosovo steigt, die B\u00fcrger fordern die Abschaffung der Zollgeb\u00fchren."},"content":{"rendered":"<p data-start=\"1931\" data-end=\"2348\">Der Import von Elektroautos in den Kosovo verzeichnet ein kontinuierliches Wachstum, auch wenn ihr Marktanteil noch gering ist. Nach Angaben der kosovarischen Zollverwaltung wurden im Jahr 2024 Elektro- und Hybridfahrzeuge im Wert von \u00fcber 114 Millionen Euro eingef\u00fchrt, w\u00e4hrend allein im Zeitraum Januar\u2013Mai 2025 insgesamt 1 539 Fahrzeuge im Wert von \u00fcber 56 Millionen Euro importiert wurden, berichtet albinfo.ch.<\/p>\n<p data-start=\"2350\" data-end=\"2712\">Derzeit unterliegen Elektroautos allen Zollabgaben \u2013 einschlie\u00dflich Zoll, Verbrauchssteuer und Mehrwertsteuer. F\u00fcr Hybridfahrzeuge betr\u00e4gt die Verbrauchssteuer symbolische 10 Euro, w\u00e4hrend sie f\u00fcr Elektroautos je nach Baujahr und Spezifikationen variiert. Laut Importeuren ist dies der Hauptgrund, warum ihr Marktanteil nur etwa 2 % des Gesamtmarktes ausmacht.<\/p>\n<p data-start=\"2714\" data-end=\"3104\">Der Eigent\u00fcmer von AutoNet, Nexhdet Abazi, betont, dass die Regierung die Zollabgaben abschaffen und den Kauf von Elektroautos subventionieren sollte, da die derzeitigen Kosten hoch seien und es an \u00f6ffentlicher Ladeinfrastruktur fehle. \u201eVergleicht man sich mit den L\u00e4ndern der Region, hat der Kosovo Entwicklungspotenzial, doch das Hindernis bleiben die fiskalischen Politiken\u201c, sagte er.<\/p>\n<p data-start=\"3106\" data-end=\"3321\">Auch die B\u00fcrger teilen diese Meinung und fordern die Abschaffung der Z\u00f6lle sowie staatliche Unterst\u00fctzung. Ihrer Ansicht nach sind Elektroautos wirtschaftlicher, umweltfreundlicher und verbessern die Luftqualit\u00e4t.<\/p>\n<p data-start=\"3323\" data-end=\"3716\" data-is-last-node=\"\" data-is-only-node=\"\">In der Region und weltweit w\u00e4chst der Trend zu Elektrofahrzeugen rapide. Allein im Jahr 2024 wurden \u00fcber 17 Millionen Elektrofahrzeuge verkauft, und 2025 d\u00fcrfte diese Zahl 20 Millionen \u00fcberschreiten, was mehr als 25 % des globalen Marktes entspricht. Der Kosovo hinkt in diesem Bereich hinterher, doch das Entwicklungspotenzial ist gro\u00df, insbesondere durch die Nutzung erneuerbarer Energien.<\/p>\n","protected":false},"excerpt":{"rendered":"<p>Die Einfuhr von Elektrofahrzeugen nimmt zu, die B\u00fcrger fordern die Abschaffung der Zollgeb\u00fchren.<\/p>\n","protected":false},"author":6,"featured_media":818140,"comment_status":"closed","ping_status":"closed","sticky":false,"template":"","format":"standard","meta":{"footnotes":""},"categories":[23263,3952,23262,24631,1129],"tags":[],"vendi":[],"content_country":[29888,31836,31837],"class_list":["post-858446","post","type-post","status-publish","format-standard","has-post-thumbnail","hentry","category-kosova-de-2","category-kosova-de","category-at-balkani-de","category-nachrichten-de-2","category-ch-balkan","content_country-zvicer","content_country-austria-de","content_country-germany-de"],"acf":[],"_links":{"self":[{"href":"https:\/\/www.albinfo.at\/de\/wp-json\/wp\/v2\/posts\/858446","targetHints":{"allow":["GET"]}}],"collection":[{"href":"https:\/\/www.albinfo.at\/de\/wp-json\/wp\/v2\/posts"}],"about":[{"href":"https:\/\/www.albinfo.at\/de\/wp-json\/wp\/v2\/types\/post"}],"author":[{"embeddable":true,"href":"https:\/\/www.albinfo.at\/de\/wp-json\/wp\/v2\/users\/6"}],"replies":[{"embeddable":true,"href":"https:\/\/www.albinfo.at\/de\/wp-json\/wp\/v2\/comments?post=858446"}],"version-history":[{"count":1,"href":"https:\/\/www.albinfo.at\/de\/wp-json\/wp\/v2\/posts\/858446\/revisions"}],"predecessor-version":[{"id":858447,"href":"https:\/\/www.albinfo.at\/de\/wp-json\/wp\/v2\/posts\/858446\/revisions\/858447"}],"wp:featuredmedia":[{"embeddable":true,"href":"https:\/\/www.albinfo.at\/de\/wp-json\/wp\/v2\/media\/818140"}],"wp:attachment":[{"href":"https:\/\/www.albinfo.at\/de\/wp-json\/wp\/v2\/media?parent=858446"}],"wp:term":[{"taxonomy":"category","embeddable":true,"href":"https:\/\/www.albinfo.at\/de\/wp-json\/wp\/v2\/categories?post=858446"},{"taxonomy":"post_tag","embeddable":true,"href":"https:\/\/www.albinfo.at\/de\/wp-json\/wp\/v2\/tags?post=858446"},{"taxonomy":"vendi","embeddable":true,"href":"https:\/\/www.albinfo.at\/de\/wp-json\/wp\/v2\/vendi?post=858446"},{"taxonomy":"content_country","embeddable":true,"href":"https:\/\/www.albinfo.at\/de\/wp-json\/wp\/v2\/content_country?post=858446"}],"curies":[{"name":"wp","href":"https:\/\/api.w.org\/{rel}","templated":true}]}}