{"id":858417,"date":"2025-09-06T17:31:39","date_gmt":"2025-09-06T15:31:39","guid":{"rendered":"https:\/\/www.albinfo.ch\/?p=858417"},"modified":"2025-09-06T17:33:11","modified_gmt":"2025-09-06T15:33:11","slug":"ein-albaner-unter-den-12-ikonischsten-fotos-des-jahres-2025-laut-bbc","status":"publish","type":"post","link":"https:\/\/www.albinfo.at\/de\/ein-albaner-unter-den-12-ikonischsten-fotos-des-jahres-2025-laut-bbc\/","title":{"rendered":"Ein Albaner unter den 12 ikonischsten Fotos des Jahres 2025, laut BBC."},"content":{"rendered":"<article class=\"text-token-text-primary w-full focus:outline-none scroll-mt-[calc(var(--header-height)+min(200px,max(70px,20svh)))]\" dir=\"auto\" tabindex=\"-1\" data-turn-id=\"request-6883bae7-0b80-832d-9a8a-4241d72b3087-19\" data-testid=\"conversation-turn-600\" data-scroll-anchor=\"true\" data-turn=\"assistant\">\n<div class=\"text-base my-auto mx-auto pb-10 [--thread-content-margin:--spacing(4)] thread-sm:[--thread-content-margin:--spacing(6)] thread-lg:[--thread-content-margin:--spacing(16)] px-(--thread-content-margin)\">\n<div class=\"[--thread-content-max-width:40rem] thread-sm:[--thread-content-max-width:40rem] thread-lg:[--thread-content-max-width:48rem] mx-auto max-w-(--thread-content-max-width) flex-1 group\/turn-messages focus-visible:outline-hidden relative flex w-full min-w-0 flex-col agent-turn\" tabindex=\"-1\">\n<div class=\"flex max-w-full flex-col grow\">\n<div class=\"min-h-8 text-message relative flex w-full flex-col items-end gap-2 text-start break-words whitespace-normal [.text-message+&amp;]:mt-5\" dir=\"auto\" data-message-author-role=\"assistant\" data-message-id=\"371cd6b3-b091-4645-8a2a-81cc141926de\" data-message-model-slug=\"gpt-5\">\n<div class=\"flex w-full flex-col gap-1 empty:hidden first:pt-[3px]\">\n<div class=\"markdown prose dark:prose-invert w-full break-words light markdown-new-styling\">\n<p data-start=\"1027\" data-end=\"1468\">Die BBC hat ein Bild, das w\u00e4hrend der verheerenden Br\u00e4nde in Griechenland in diesem Sommer aufgenommen wurde, in die Liste der 12 bedeutendsten Fotografien des Jahres 2025 aufgenommen. Das Foto, geschossen von Thanasis Stavrakis (Reuters), zeigt den 33-j\u00e4hrigen Albaner Oslien Mu\u00e7obega, wie er in der Region Patras ein Schaf aus den Flammen rettet, indem er es auf seinem Motorrad durch Rauch und Feuer transportiert, berichtet albinfo.ch.<\/p>\n<p data-start=\"1470\" data-end=\"1660\">Das Ereignis ereignete sich im August, als die Region Achaia von gro\u00dffl\u00e4chigen Br\u00e4nden betroffen war, die die Bewohner zur Flucht zwangen und sowohl Menschen\u00a0 als auch Tierleben bedrohten.<\/p>\n<p data-start=\"1662\" data-end=\"2022\" data-is-last-node=\"\" data-is-only-node=\"\">Die BBC bewertete das Foto als besonders bedeutungsvoll und verglich es mit der Ikonografie des \u201eGuten Hirten\u201c in der christlichen Kunst, bei der Christus ein verletzliches Tier auf seinen Schultern tr\u00e4gt. Nach Einsch\u00e4tzung des britischen Mediums macht diese symbolische Verbindung das Bild zu einem der eindrucksvollsten und bewegendsten Momente des Jahres.<\/p>\n<\/div>\n<\/div>\n<\/div>\n<\/div>\n<div class=\"flex min-h-[46px] justify-start\"><\/div>\n<\/div>\n<\/div>\n<\/article>\n","protected":false},"excerpt":{"rendered":"<p>Das Foto des Albaners, der ein Schaf gerettet hat, geh\u00f6rt zu den 12 wichtigsten des Jahres 2025 von der BBC.<\/p>\n","protected":false},"author":6,"featured_media":858336,"comment_status":"closed","ping_status":"closed","sticky":false,"template":"","format":"standard","meta":{"footnotes":""},"categories":[33439,10649,23263,3952,23262,24631,1129,1155,1156,1157],"tags":[],"vendi":[],"content_country":[29888,31836,31837],"class_list":["post-858417","post","type-post","status-publish","format-standard","has-post-thumbnail","hentry","category-kuriositaeten-de","category-albanien","category-kosova-de-2","category-kosova-de","category-at-balkani-de","category-nachrichten-de-2","category-ch-balkan","category-fun-de","category-fotolajmi-de","category-welt","content_country-zvicer","content_country-austria-de","content_country-germany-de"],"acf":[],"_links":{"self":[{"href":"https:\/\/www.albinfo.at\/de\/wp-json\/wp\/v2\/posts\/858417","targetHints":{"allow":["GET"]}}],"collection":[{"href":"https:\/\/www.albinfo.at\/de\/wp-json\/wp\/v2\/posts"}],"about":[{"href":"https:\/\/www.albinfo.at\/de\/wp-json\/wp\/v2\/types\/post"}],"author":[{"embeddable":true,"href":"https:\/\/www.albinfo.at\/de\/wp-json\/wp\/v2\/users\/6"}],"replies":[{"embeddable":true,"href":"https:\/\/www.albinfo.at\/de\/wp-json\/wp\/v2\/comments?post=858417"}],"version-history":[{"count":1,"href":"https:\/\/www.albinfo.at\/de\/wp-json\/wp\/v2\/posts\/858417\/revisions"}],"predecessor-version":[{"id":858421,"href":"https:\/\/www.albinfo.at\/de\/wp-json\/wp\/v2\/posts\/858417\/revisions\/858421"}],"wp:featuredmedia":[{"embeddable":true,"href":"https:\/\/www.albinfo.at\/de\/wp-json\/wp\/v2\/media\/858336"}],"wp:attachment":[{"href":"https:\/\/www.albinfo.at\/de\/wp-json\/wp\/v2\/media?parent=858417"}],"wp:term":[{"taxonomy":"category","embeddable":true,"href":"https:\/\/www.albinfo.at\/de\/wp-json\/wp\/v2\/categories?post=858417"},{"taxonomy":"post_tag","embeddable":true,"href":"https:\/\/www.albinfo.at\/de\/wp-json\/wp\/v2\/tags?post=858417"},{"taxonomy":"vendi","embeddable":true,"href":"https:\/\/www.albinfo.at\/de\/wp-json\/wp\/v2\/vendi?post=858417"},{"taxonomy":"content_country","embeddable":true,"href":"https:\/\/www.albinfo.at\/de\/wp-json\/wp\/v2\/content_country?post=858417"}],"curies":[{"name":"wp","href":"https:\/\/api.w.org\/{rel}","templated":true}]}}