{"id":858407,"date":"2025-09-06T17:14:25","date_gmt":"2025-09-06T15:14:25","guid":{"rendered":"https:\/\/www.albinfo.ch\/?p=858407"},"modified":"2025-09-06T17:15:20","modified_gmt":"2025-09-06T15:15:20","slug":"das-ehrenkonsulat-nordmazedoniens-in-genf-wird-eroeffnet","status":"publish","type":"post","link":"https:\/\/www.albinfo.at\/de\/das-ehrenkonsulat-nordmazedoniens-in-genf-wird-eroeffnet\/","title":{"rendered":"Das Ehrenkonsulat Nordmazedoniens in Genf wird er\u00f6ffnet."},"content":{"rendered":"<p data-start=\"828\" data-end=\"1035\">In Genf wurde gestern das Honorarkonsulat von Nordmazedonien er\u00f6ffnet \u2013 ein bedeutender Schritt zur St\u00e4rkung der diplomatischen und wirtschaftlichen Pr\u00e4senz des Landes in der Schweiz, berichtet albinfo.ch.<\/p>\n<p data-start=\"1037\" data-end=\"1380\">Die Zeremonie fand in Anwesenheit des Au\u00dfenministers Tim\u00e7o Mucunski statt, der gemeinsam mit den Anwesenden die Ernennung von Zaim Jashari zum Honorarkonsul bekanntgab. Jashari ist eine bekannte Pers\u00f6nlichkeit, die sich durch ihr Engagement und ihren wertvollen Beitrag im Dienst der Gemeinschaft und der bilateralen Beziehungen auszeichnet.<\/p>\n<p data-start=\"1382\" data-end=\"1596\" data-is-last-node=\"\" data-is-only-node=\"\">Das neue Konsulat soll als Br\u00fccke der Freundschaft und Zusammenarbeit zwischen Nordmazedonien und der Schweiz dienen und neue M\u00f6glichkeiten in den Bereichen Diplomatie, Wirtschaft und Kultur er\u00f6ffnen. \/Albinfo.ch<\/p>\n<figure id=\"attachment_858118\" aria-describedby=\"caption-attachment-858118\" style=\"width: 500px\" class=\"wp-caption alignnone\"><a href=\"https:\/\/www.albinfo.ch\/wp-content\/uploads\/2025\/09\/img_2366.jpeg\"><img loading=\"lazy\" decoding=\"async\" class=\"wp-image-858118\" src=\"https:\/\/www.albinfo.ch\/wp-content\/uploads\/2025\/09\/img_2366-1024x682.jpeg\" alt=\"\" width=\"500\" height=\"333\" srcset=\"https:\/\/www.albinfo.at\/wp-content\/uploads\/2025\/09\/img_2366-1024x682.jpeg 1024w, https:\/\/www.albinfo.at\/wp-content\/uploads\/2025\/09\/img_2366-300x200.jpeg 300w, https:\/\/www.albinfo.at\/wp-content\/uploads\/2025\/09\/img_2366-768x512.jpeg 768w, https:\/\/www.albinfo.at\/wp-content\/uploads\/2025\/09\/img_2366-586x389.jpeg 586w, https:\/\/www.albinfo.at\/wp-content\/uploads\/2025\/09\/img_2366-210x141.jpeg 210w, https:\/\/www.albinfo.at\/wp-content\/uploads\/2025\/09\/img_2366-587x391.jpeg 587w, https:\/\/www.albinfo.at\/wp-content\/uploads\/2025\/09\/img_2366-150x100.jpeg 150w, https:\/\/www.albinfo.at\/wp-content\/uploads\/2025\/09\/img_2366-263x175.jpeg 263w, https:\/\/www.albinfo.at\/wp-content\/uploads\/2025\/09\/img_2366.jpeg 1286w\" sizes=\"auto, (max-width: 500px) 100vw, 500px\" \/><\/a><figcaption id=\"caption-attachment-858118\" class=\"wp-caption-text\">albinfo.ch<\/figcaption><\/figure>\n<figure id=\"attachment_858121\" aria-describedby=\"caption-attachment-858121\" style=\"width: 500px\" class=\"wp-caption alignnone\"><a href=\"https:\/\/www.albinfo.ch\/wp-content\/uploads\/2025\/09\/img_2367.jpeg\"><img loading=\"lazy\" decoding=\"async\" class=\"wp-image-858121\" src=\"https:\/\/www.albinfo.ch\/wp-content\/uploads\/2025\/09\/img_2367-1024x683.jpeg\" alt=\"\" width=\"500\" height=\"334\" srcset=\"https:\/\/www.albinfo.at\/wp-content\/uploads\/2025\/09\/img_2367-1024x683.jpeg 1024w, https:\/\/www.albinfo.at\/wp-content\/uploads\/2025\/09\/img_2367-300x200.jpeg 300w, https:\/\/www.albinfo.at\/wp-content\/uploads\/2025\/09\/img_2367-768x512.jpeg 768w, https:\/\/www.albinfo.at\/wp-content\/uploads\/2025\/09\/img_2367-210x141.jpeg 210w, https:\/\/www.albinfo.at\/wp-content\/uploads\/2025\/09\/img_2367-587x392.jpeg 587w, https:\/\/www.albinfo.at\/wp-content\/uploads\/2025\/09\/img_2367-150x100.jpeg 150w, https:\/\/www.albinfo.at\/wp-content\/uploads\/2025\/09\/img_2367-262x175.jpeg 262w, https:\/\/www.albinfo.at\/wp-content\/uploads\/2025\/09\/img_2367.jpeg 1286w\" sizes=\"auto, (max-width: 500px) 100vw, 500px\" \/><\/a><figcaption id=\"caption-attachment-858121\" class=\"wp-caption-text\">albinfo.ch<\/figcaption><\/figure>\n<figure id=\"attachment_858124\" aria-describedby=\"caption-attachment-858124\" style=\"width: 500px\" class=\"wp-caption alignnone\"><a href=\"https:\/\/www.albinfo.ch\/wp-content\/uploads\/2025\/09\/img_2368.jpeg\"><img loading=\"lazy\" decoding=\"async\" class=\"wp-image-858124\" src=\"https:\/\/www.albinfo.ch\/wp-content\/uploads\/2025\/09\/img_2368-1024x682.jpeg\" alt=\"\" width=\"500\" height=\"333\" srcset=\"https:\/\/www.albinfo.at\/wp-content\/uploads\/2025\/09\/img_2368-1024x682.jpeg 1024w, https:\/\/www.albinfo.at\/wp-content\/uploads\/2025\/09\/img_2368-300x200.jpeg 300w, https:\/\/www.albinfo.at\/wp-content\/uploads\/2025\/09\/img_2368-768x512.jpeg 768w, https:\/\/www.albinfo.at\/wp-content\/uploads\/2025\/09\/img_2368-586x389.jpeg 586w, https:\/\/www.albinfo.at\/wp-content\/uploads\/2025\/09\/img_2368-210x141.jpeg 210w, https:\/\/www.albinfo.at\/wp-content\/uploads\/2025\/09\/img_2368-587x391.jpeg 587w, https:\/\/www.albinfo.at\/wp-content\/uploads\/2025\/09\/img_2368-150x100.jpeg 150w, https:\/\/www.albinfo.at\/wp-content\/uploads\/2025\/09\/img_2368-263x175.jpeg 263w, https:\/\/www.albinfo.at\/wp-content\/uploads\/2025\/09\/img_2368.jpeg 1286w\" sizes=\"auto, (max-width: 500px) 100vw, 500px\" \/><\/a><figcaption id=\"caption-attachment-858124\" class=\"wp-caption-text\">albinfo.ch<\/figcaption><\/figure>\n<figure id=\"attachment_858127\" aria-describedby=\"caption-attachment-858127\" style=\"width: 495px\" class=\"wp-caption alignnone\"><a href=\"https:\/\/www.albinfo.ch\/wp-content\/uploads\/2025\/09\/img_2369.jpeg\"><img loading=\"lazy\" decoding=\"async\" class=\"wp-image-858127\" src=\"https:\/\/www.albinfo.ch\/wp-content\/uploads\/2025\/09\/img_2369-300x200.jpeg\" alt=\"\" width=\"495\" height=\"330\" srcset=\"https:\/\/www.albinfo.at\/wp-content\/uploads\/2025\/09\/img_2369-300x200.jpeg 300w, https:\/\/www.albinfo.at\/wp-content\/uploads\/2025\/09\/img_2369-768x512.jpeg 768w, https:\/\/www.albinfo.at\/wp-content\/uploads\/2025\/09\/img_2369-586x389.jpeg 586w, https:\/\/www.albinfo.at\/wp-content\/uploads\/2025\/09\/img_2369-210x141.jpeg 210w, https:\/\/www.albinfo.at\/wp-content\/uploads\/2025\/09\/img_2369-587x391.jpeg 587w, https:\/\/www.albinfo.at\/wp-content\/uploads\/2025\/09\/img_2369-150x100.jpeg 150w, https:\/\/www.albinfo.at\/wp-content\/uploads\/2025\/09\/img_2369-263x175.jpeg 263w, https:\/\/www.albinfo.at\/wp-content\/uploads\/2025\/09\/img_2369.jpeg 960w\" sizes=\"auto, (max-width: 495px) 100vw, 495px\" \/><\/a><figcaption id=\"caption-attachment-858127\" class=\"wp-caption-text\">albinfo.ch<\/figcaption><\/figure>\n","protected":false},"excerpt":{"rendered":"<p>In Genf wurde gestern das Honorarkonsulat von Nordmazedonien er\u00f6ffnet \u2013 ein bedeutender Schritt zur St\u00e4rkung der diplomatischen und wirtschaftlichen Pr\u00e4senz des Landes in der Schweiz, berichtet albinfo.ch. Die Zeremonie fand in Anwesenheit des Au\u00dfenministers Tim\u00e7o Mucunski statt, der gemeinsam mit den Anwesenden die Ernennung von Zaim Jashari zum Honorarkonsul bekanntgab. Jashari ist eine bekannte Pers\u00f6nlichkeit, [&hellip;]<\/p>\n","protected":false},"author":6,"featured_media":858117,"comment_status":"closed","ping_status":"closed","sticky":false,"template":"","format":"standard","meta":{"footnotes":""},"categories":[33056,24636,24626,23265,23262,24625,24631,1129,1133],"tags":[],"vendi":[],"content_country":[29888,31836,31837],"class_list":["post-858407","post","type-post","status-publish","format-standard","has-post-thumbnail","hentry","category-de-balkani-de","category-nachrichten-de-4","category-nord-macedonia-de-2","category-nord-macedonia","category-at-balkani-de","category-nord-macedonia-de","category-nachrichten-de-2","category-ch-balkan","category-e-diaspora-de","content_country-zvicer","content_country-austria-de","content_country-germany-de"],"acf":[],"_links":{"self":[{"href":"https:\/\/www.albinfo.at\/de\/wp-json\/wp\/v2\/posts\/858407","targetHints":{"allow":["GET"]}}],"collection":[{"href":"https:\/\/www.albinfo.at\/de\/wp-json\/wp\/v2\/posts"}],"about":[{"href":"https:\/\/www.albinfo.at\/de\/wp-json\/wp\/v2\/types\/post"}],"author":[{"embeddable":true,"href":"https:\/\/www.albinfo.at\/de\/wp-json\/wp\/v2\/users\/6"}],"replies":[{"embeddable":true,"href":"https:\/\/www.albinfo.at\/de\/wp-json\/wp\/v2\/comments?post=858407"}],"version-history":[{"count":1,"href":"https:\/\/www.albinfo.at\/de\/wp-json\/wp\/v2\/posts\/858407\/revisions"}],"predecessor-version":[{"id":858408,"href":"https:\/\/www.albinfo.at\/de\/wp-json\/wp\/v2\/posts\/858407\/revisions\/858408"}],"wp:featuredmedia":[{"embeddable":true,"href":"https:\/\/www.albinfo.at\/de\/wp-json\/wp\/v2\/media\/858117"}],"wp:attachment":[{"href":"https:\/\/www.albinfo.at\/de\/wp-json\/wp\/v2\/media?parent=858407"}],"wp:term":[{"taxonomy":"category","embeddable":true,"href":"https:\/\/www.albinfo.at\/de\/wp-json\/wp\/v2\/categories?post=858407"},{"taxonomy":"post_tag","embeddable":true,"href":"https:\/\/www.albinfo.at\/de\/wp-json\/wp\/v2\/tags?post=858407"},{"taxonomy":"vendi","embeddable":true,"href":"https:\/\/www.albinfo.at\/de\/wp-json\/wp\/v2\/vendi?post=858407"},{"taxonomy":"content_country","embeddable":true,"href":"https:\/\/www.albinfo.at\/de\/wp-json\/wp\/v2\/content_country?post=858407"}],"curies":[{"name":"wp","href":"https:\/\/api.w.org\/{rel}","templated":true}]}}