{"id":858075,"date":"2025-09-05T23:27:41","date_gmt":"2025-09-05T21:27:41","guid":{"rendered":"https:\/\/www.albinfo.ch\/?p=858075"},"modified":"2025-09-05T23:28:13","modified_gmt":"2025-09-05T21:28:13","slug":"die-schweiz-beginnt-mit-einem-ueberzeugenden-sieg-gegen-kosovo","status":"publish","type":"post","link":"https:\/\/www.albinfo.at\/de\/die-schweiz-beginnt-mit-einem-ueberzeugenden-sieg-gegen-kosovo\/","title":{"rendered":"Die Schweiz beginnt mit einem \u00fcberzeugenden Sieg gegen Kosovo."},"content":{"rendered":"<p data-start=\"822\" data-end=\"918\">Die Schweiz hat Kosovo im ersten Qualifikationsspiel f\u00fcr die WM 2026 deutlich mit 4:0 besiegt.<\/p>\n<p data-start=\"920\" data-end=\"1116\">Alles wurde bereits in der ersten Halbzeit entschieden, in der die Nati klar \u00fcberlegen war. Dennoch fehlte es den Dardanen in Basel nicht an gro\u00dfartiger Unterst\u00fctzung durch die albanischen Fans.<\/p>\n<p data-start=\"1118\" data-end=\"1381\">In der 22. Minute erzielte Manuel Akanji per Kopf das 1:0, schreibt albinfo.ch. Nur drei Minuten sp\u00e4ter erh\u00f6hte Breel Embolo auf 2:0. Silvan Widmer traf in der 39. Minute zum 3:0, bevor Embolo in der 45. Minute mit seinem zweiten Treffer das 4:0 perfekt machte.<\/p>\n<p data-start=\"1383\" data-end=\"1556\" data-is-last-node=\"\" data-is-only-node=\"\">Im n\u00e4chsten Spiel am 8. September empf\u00e4ngt die Schweiz Slowenien, w\u00e4hrend der Kosovo in Pristina auf Schweden trifft. Slowenien und Schweden trennten sich heute Abend 2:2.<\/p>\n<p><iframe loading=\"lazy\" style=\"border: none; overflow: hidden;\" src=\"https:\/\/www.facebook.com\/plugins\/post.php?href=https%3A%2F%2Fwww.facebook.com%2Falbinfo.ch%2Fposts%2F1209459964554245&amp;show_text=true&amp;width=500\" width=\"500\" height=\"670\" frameborder=\"0\" scrolling=\"no\" allowfullscreen=\"allowfullscreen\" data-mce-fragment=\"1\"><\/iframe><\/p>\n","protected":false},"excerpt":{"rendered":"<p>Schweiz begann die Qualifikationskampagne f\u00fcr die Weltmeisterschaft mit einem deutlichen Sieg gegen den Kosovo von 4:0.<\/p>\n","protected":false},"author":6,"featured_media":858024,"comment_status":"closed","ping_status":"closed","sticky":false,"template":"","format":"standard","meta":{"footnotes":""},"categories":[4023,1139],"tags":[],"vendi":[],"content_country":[29888,31836,31837],"class_list":["post-858075","post","type-post","status-publish","format-standard","has-post-thumbnail","hentry","category-futboll-de","category-sport","content_country-zvicer","content_country-austria-de","content_country-germany-de"],"acf":[],"_links":{"self":[{"href":"https:\/\/www.albinfo.at\/de\/wp-json\/wp\/v2\/posts\/858075","targetHints":{"allow":["GET"]}}],"collection":[{"href":"https:\/\/www.albinfo.at\/de\/wp-json\/wp\/v2\/posts"}],"about":[{"href":"https:\/\/www.albinfo.at\/de\/wp-json\/wp\/v2\/types\/post"}],"author":[{"embeddable":true,"href":"https:\/\/www.albinfo.at\/de\/wp-json\/wp\/v2\/users\/6"}],"replies":[{"embeddable":true,"href":"https:\/\/www.albinfo.at\/de\/wp-json\/wp\/v2\/comments?post=858075"}],"version-history":[{"count":1,"href":"https:\/\/www.albinfo.at\/de\/wp-json\/wp\/v2\/posts\/858075\/revisions"}],"predecessor-version":[{"id":858076,"href":"https:\/\/www.albinfo.at\/de\/wp-json\/wp\/v2\/posts\/858075\/revisions\/858076"}],"wp:featuredmedia":[{"embeddable":true,"href":"https:\/\/www.albinfo.at\/de\/wp-json\/wp\/v2\/media\/858024"}],"wp:attachment":[{"href":"https:\/\/www.albinfo.at\/de\/wp-json\/wp\/v2\/media?parent=858075"}],"wp:term":[{"taxonomy":"category","embeddable":true,"href":"https:\/\/www.albinfo.at\/de\/wp-json\/wp\/v2\/categories?post=858075"},{"taxonomy":"post_tag","embeddable":true,"href":"https:\/\/www.albinfo.at\/de\/wp-json\/wp\/v2\/tags?post=858075"},{"taxonomy":"vendi","embeddable":true,"href":"https:\/\/www.albinfo.at\/de\/wp-json\/wp\/v2\/vendi?post=858075"},{"taxonomy":"content_country","embeddable":true,"href":"https:\/\/www.albinfo.at\/de\/wp-json\/wp\/v2\/content_country?post=858075"}],"curies":[{"name":"wp","href":"https:\/\/api.w.org\/{rel}","templated":true}]}}