{"id":857730,"date":"2025-09-04T22:34:54","date_gmt":"2025-09-04T20:34:54","guid":{"rendered":"https:\/\/www.albinfo.ch\/?p=857730"},"modified":"2025-09-04T22:42:44","modified_gmt":"2025-09-04T20:42:44","slug":"fuenf-tage-kunst-und-kino-mit-dem-festival-kino-kosova-in-der-schweiz","status":"publish","type":"post","link":"https:\/\/www.albinfo.at\/de\/fuenf-tage-kunst-und-kino-mit-dem-festival-kino-kosova-in-der-schweiz\/","title":{"rendered":"F\u00fcnf Tage Kunst und Kino mit dem Festival &#8220;Kino Kosova&#8221; in der Schweiz"},"content":{"rendered":"<p data-start=\"1751\" data-end=\"2246\">F\u00fcnf Tage lang bringt \u201cKino Kosova\u201d das Kino des Kosovo nach Bern in der Schweiz, mit Filmen, Konzerten, Ausstellungen und Diskussionspanels. Die sechste Ausgabe des Festivals findet vom 10. bis 14. September unter dem Motto \u201cSense of Purpose\u201d statt, das die Spannung zwischen dem Gef\u00fchl des Verlustes und der Suche nach St\u00e4rke widerspiegelt und das Publikum dazu anregt, \u00fcber die Rolle der K\u00fcnstler und der k\u00fcnstlerischen Gemeinschaft in unruhigen Zeiten nachzudenken, berichtet albinfo.ch.<\/p>\n<p data-start=\"2248\" data-end=\"2491\">Der k\u00fcnstlerische Leiter, Sabahet Meta, betont, dass das Festival darauf abzielt, R\u00e4ume zu schaffen, in denen das Publikum Inspiration finden und eine Verbindung zu kulturellen und politischen Ereignissen im Land und in der Welt sp\u00fcren kann.<\/p>\n<p data-start=\"2493\" data-end=\"2785\">Zum Programm geh\u00f6ren Filme kosovarischer Regisseure wie Samir Karahoda, Norika Sefa, Ilir Hasanaj, Ib\u00ebr Deari, Besim Ugzmajli, Florenc Papas, Belkis Bayrak, Aulona Fetahaj sowie eine Auswahl von Filmen aus Portugal, dem Gastland dieser Ausgabe, im Rahmen des Programms \u201cClose-up: Portugal\u201d.<\/p>\n<p data-start=\"2787\" data-end=\"3035\">Das Festival umfasst zudem das Programm \u201cSwiss Shorts\u201d und das Projekt \u201cRe-Connect\u201d, eine Zusammenarbeit zwischen jungen K\u00fcnstlern aus dem Kosovo und der Schweiz, die Themen wie Identit\u00e4t, kulturelles Erbe, Demokratie und Menschenrechte erkundet.<\/p>\n<p data-start=\"3037\" data-end=\"3219\">Die albanische Musik ist mit Auftritten von Agona Shporta vertreten, w\u00e4hrend die Ausstellung des K\u00fcnstlers Yll Xhaferi und zwei Diskussionspanels das Thema des Festivals vertiefen.<\/p>\n<p data-start=\"3221\" data-end=\"3455\">\u201cKino Kosova\u201d ist nicht nur ein Filmfestival; es dient als Plattform, die albanische und schweizerische Gemeinschaften verbindet, gesellschaftliche, kulturelle und politische Themen aufgreift und den interkulturellen Dialog f\u00f6rdert.<\/p>\n<p><a href=\"https:\/\/www.albinfo.ch\/wp-content\/uploads\/2025\/09\/img_2337.webp\"><img loading=\"lazy\" decoding=\"async\" class=\"alignnone wp-image-857449\" src=\"https:\/\/www.albinfo.ch\/wp-content\/uploads\/2025\/09\/img_2337.webp\" alt=\"\" width=\"500\" height=\"317\" srcset=\"https:\/\/www.albinfo.at\/wp-content\/uploads\/2025\/09\/img_2337.webp 980w, https:\/\/www.albinfo.at\/wp-content\/uploads\/2025\/09\/img_2337-300x191.webp 300w, https:\/\/www.albinfo.at\/wp-content\/uploads\/2025\/09\/img_2337-768x487.webp 768w, https:\/\/www.albinfo.at\/wp-content\/uploads\/2025\/09\/img_2337-87x56.webp 87w, https:\/\/www.albinfo.at\/wp-content\/uploads\/2025\/09\/img_2337-587x372.webp 587w, https:\/\/www.albinfo.at\/wp-content\/uploads\/2025\/09\/img_2337-420x266.webp 420w, https:\/\/www.albinfo.at\/wp-content\/uploads\/2025\/09\/img_2337-630x400.webp 630w, https:\/\/www.albinfo.at\/wp-content\/uploads\/2025\/09\/img_2337-158x100.webp 158w, https:\/\/www.albinfo.at\/wp-content\/uploads\/2025\/09\/img_2337-265x168.webp 265w\" sizes=\"auto, (max-width: 500px) 100vw, 500px\" \/><\/a><\/p>\n","protected":false},"excerpt":{"rendered":"<p>\u201eKino Kosova\u201c bringt die albanische Kultur und das Kino nach Bern<\/p>\n","protected":false},"author":6,"featured_media":857454,"comment_status":"closed","ping_status":"closed","sticky":false,"template":"","format":"standard","meta":{"footnotes":""},"categories":[24636,24659,24663,24665,24631,1133,1138],"tags":[],"vendi":[],"content_country":[29888,31836,31837],"class_list":["post-857730","post","type-post","status-publish","format-standard","has-post-thumbnail","hentry","category-nachrichten-de-4","category-musik","category-theater","category-kino","category-nachrichten-de-2","category-e-diaspora-de","category-kultur","content_country-zvicer","content_country-austria-de","content_country-germany-de"],"acf":[],"_links":{"self":[{"href":"https:\/\/www.albinfo.at\/de\/wp-json\/wp\/v2\/posts\/857730","targetHints":{"allow":["GET"]}}],"collection":[{"href":"https:\/\/www.albinfo.at\/de\/wp-json\/wp\/v2\/posts"}],"about":[{"href":"https:\/\/www.albinfo.at\/de\/wp-json\/wp\/v2\/types\/post"}],"author":[{"embeddable":true,"href":"https:\/\/www.albinfo.at\/de\/wp-json\/wp\/v2\/users\/6"}],"replies":[{"embeddable":true,"href":"https:\/\/www.albinfo.at\/de\/wp-json\/wp\/v2\/comments?post=857730"}],"version-history":[{"count":1,"href":"https:\/\/www.albinfo.at\/de\/wp-json\/wp\/v2\/posts\/857730\/revisions"}],"predecessor-version":[{"id":857731,"href":"https:\/\/www.albinfo.at\/de\/wp-json\/wp\/v2\/posts\/857730\/revisions\/857731"}],"wp:featuredmedia":[{"embeddable":true,"href":"https:\/\/www.albinfo.at\/de\/wp-json\/wp\/v2\/media\/857454"}],"wp:attachment":[{"href":"https:\/\/www.albinfo.at\/de\/wp-json\/wp\/v2\/media?parent=857730"}],"wp:term":[{"taxonomy":"category","embeddable":true,"href":"https:\/\/www.albinfo.at\/de\/wp-json\/wp\/v2\/categories?post=857730"},{"taxonomy":"post_tag","embeddable":true,"href":"https:\/\/www.albinfo.at\/de\/wp-json\/wp\/v2\/tags?post=857730"},{"taxonomy":"vendi","embeddable":true,"href":"https:\/\/www.albinfo.at\/de\/wp-json\/wp\/v2\/vendi?post=857730"},{"taxonomy":"content_country","embeddable":true,"href":"https:\/\/www.albinfo.at\/de\/wp-json\/wp\/v2\/content_country?post=857730"}],"curies":[{"name":"wp","href":"https:\/\/api.w.org\/{rel}","templated":true}]}}