{"id":854918,"date":"2025-08-24T22:07:32","date_gmt":"2025-08-24T20:07:32","guid":{"rendered":"https:\/\/www.albinfo.ch\/?p=854918"},"modified":"2025-08-24T22:07:32","modified_gmt":"2025-08-24T20:07:32","slug":"praesidentin-vjosa-osmani-laesst-sich-vom-dialog-mit-jugendlichen-beim-forum-alpbach-in-oesterreich-inspirieren","status":"publish","type":"post","link":"https:\/\/www.albinfo.at\/de\/praesidentin-vjosa-osmani-laesst-sich-vom-dialog-mit-jugendlichen-beim-forum-alpbach-in-oesterreich-inspirieren\/","title":{"rendered":"Pr\u00e4sidentin Vjosa Osmani l\u00e4sst sich vom Dialog mit Jugendlichen beim Forum Alpbach in \u00d6sterreich inspirieren"},"content":{"rendered":"<p data-start=\"1171\" data-end=\"1430\">Die Pr\u00e4sidentin der Republik Kosovo, Vjosa Osmani, betonte, es sei stets inspirierend, am Dialog mit au\u00dfergew\u00f6hnlichen jungen Frauen und M\u00e4nnern w\u00e4hrend des Forums Alpbach in \u00d6sterreich teilzunehmen, die als zuk\u00fcnftige F\u00fchrungspers\u00f6nlichkeiten Europas gelten.<\/p>\n<p data-start=\"1432\" data-end=\"2106\" data-is-last-node=\"\" data-is-only-node=\"\">In ihrer Zusammenfassung hob Pr\u00e4sidentin Osmani die Rolle des Kosovo als aktiven Beitrag zur Wahrung von Frieden und Sicherheit hervor sowie die Notwendigkeit der transatlantischen Zusammenarbeit und einer R\u00fcckbesinnung Europas auf demokratische Werte, berichtet albinfo.ch.<\/p>\n<p><a href=\"https:\/\/www.albinfo.ch\/wp-content\/uploads\/2025\/08\/screenshot_20250824_133451_gmail.jpg\"><img loading=\"lazy\" decoding=\"async\" class=\"alignnone size-large wp-image-854835\" src=\"https:\/\/www.albinfo.ch\/wp-content\/uploads\/2025\/08\/screenshot_20250824_133451_gmail-1024x656.jpg\" alt=\"\" width=\"640\" height=\"410\" srcset=\"https:\/\/www.albinfo.at\/wp-content\/uploads\/2025\/08\/screenshot_20250824_133451_gmail-1024x656.jpg 1024w, https:\/\/www.albinfo.at\/wp-content\/uploads\/2025\/08\/screenshot_20250824_133451_gmail-300x191.jpg 300w, https:\/\/www.albinfo.at\/wp-content\/uploads\/2025\/08\/screenshot_20250824_133451_gmail-768x492.jpg 768w, https:\/\/www.albinfo.at\/wp-content\/uploads\/2025\/08\/screenshot_20250824_133451_gmail-87x56.jpg 87w, https:\/\/www.albinfo.at\/wp-content\/uploads\/2025\/08\/screenshot_20250824_133451_gmail-587x376.jpg 587w, https:\/\/www.albinfo.at\/wp-content\/uploads\/2025\/08\/screenshot_20250824_133451_gmail-156x100.jpg 156w, https:\/\/www.albinfo.at\/wp-content\/uploads\/2025\/08\/screenshot_20250824_133451_gmail-265x170.jpg 265w, https:\/\/www.albinfo.at\/wp-content\/uploads\/2025\/08\/screenshot_20250824_133451_gmail.jpg 1080w\" sizes=\"auto, (max-width: 640px) 100vw, 640px\" \/><\/a><\/p>\n<p>Sie unterstrich, dass der Schutz dieser Werte nicht nur Worte, sondern auch Taten erfordere\u00a0 indem man an der Seite derjenigen stehe, die sie verteidigen, und die T\u00fcren des Kosovo f\u00fcr Staaten \u00f6ffne, die auf dasselbe Ziel hinarbeiten.<\/p>\n<p><a href=\"https:\/\/www.albinfo.ch\/wp-content\/uploads\/2025\/08\/screenshot_20250824_133503_gmail.jpg\"><img loading=\"lazy\" decoding=\"async\" class=\"alignnone size-large wp-image-854838\" src=\"https:\/\/www.albinfo.ch\/wp-content\/uploads\/2025\/08\/screenshot_20250824_133503_gmail-1024x649.jpg\" alt=\"\" width=\"640\" height=\"406\" srcset=\"https:\/\/www.albinfo.at\/wp-content\/uploads\/2025\/08\/screenshot_20250824_133503_gmail-1024x649.jpg 1024w, https:\/\/www.albinfo.at\/wp-content\/uploads\/2025\/08\/screenshot_20250824_133503_gmail-300x191.jpg 300w, https:\/\/www.albinfo.at\/wp-content\/uploads\/2025\/08\/screenshot_20250824_133503_gmail-768x486.jpg 768w, https:\/\/www.albinfo.at\/wp-content\/uploads\/2025\/08\/screenshot_20250824_133503_gmail-87x56.jpg 87w, https:\/\/www.albinfo.at\/wp-content\/uploads\/2025\/08\/screenshot_20250824_133503_gmail-587x372.jpg 587w, https:\/\/www.albinfo.at\/wp-content\/uploads\/2025\/08\/screenshot_20250824_133503_gmail-420x266.jpg 420w, https:\/\/www.albinfo.at\/wp-content\/uploads\/2025\/08\/screenshot_20250824_133503_gmail-630x400.jpg 630w, https:\/\/www.albinfo.at\/wp-content\/uploads\/2025\/08\/screenshot_20250824_133503_gmail-158x100.jpg 158w, https:\/\/www.albinfo.at\/wp-content\/uploads\/2025\/08\/screenshot_20250824_133503_gmail-265x168.jpg 265w, https:\/\/www.albinfo.at\/wp-content\/uploads\/2025\/08\/screenshot_20250824_133503_gmail.jpg 1080w\" sizes=\"auto, (max-width: 640px) 100vw, 640px\" \/><\/a><\/p>\n<p>Dieses Forum biete die M\u00f6glichkeit, Ideen und Erfahrungen zu teilen und Br\u00fccken der Zusammenarbeit zwischen europ\u00e4ischen Jugendlichen und globaler F\u00fchrung zu bauen.<\/p>\n<p>&nbsp;<\/p>\n","protected":false},"excerpt":{"rendered":"<p>Die Pr\u00e4sidentin der Republik Kosovo, Vjosa Osmani, betonte, es sei stets inspirierend, am Dialog mit au\u00dfergew\u00f6hnlichen jungen Frauen und M\u00e4nnern w\u00e4hrend des Forums Alpbach in \u00d6sterreich teilzunehmen, die als zuk\u00fcnftige F\u00fchrungspers\u00f6nlichkeiten Europas gelten. In ihrer Zusammenfassung hob Pr\u00e4sidentin Osmani die Rolle des Kosovo als aktiven Beitrag zur Wahrung von Frieden und Sicherheit hervor sowie die [&hellip;]<\/p>\n","protected":false},"author":6,"featured_media":854834,"comment_status":"closed","ping_status":"closed","sticky":false,"template":"","format":"standard","meta":{"footnotes":""},"categories":[33056,23263,1130,3952,23269,23262,24621,24631,24635,1129],"tags":[],"vendi":[],"content_country":[29888,31836,31837],"class_list":["post-854918","post","type-post","status-publish","format-standard","has-post-thumbnail","hentry","category-de-balkani-de","category-kosova-de-2","category-aktuell","category-kosova-de","category-news","category-at-balkani-de","category-kosova-de-3","category-nachrichten-de-2","category-nachrichten-de-3","category-ch-balkan","content_country-zvicer","content_country-austria-de","content_country-germany-de"],"acf":[],"_links":{"self":[{"href":"https:\/\/www.albinfo.at\/de\/wp-json\/wp\/v2\/posts\/854918","targetHints":{"allow":["GET"]}}],"collection":[{"href":"https:\/\/www.albinfo.at\/de\/wp-json\/wp\/v2\/posts"}],"about":[{"href":"https:\/\/www.albinfo.at\/de\/wp-json\/wp\/v2\/types\/post"}],"author":[{"embeddable":true,"href":"https:\/\/www.albinfo.at\/de\/wp-json\/wp\/v2\/users\/6"}],"replies":[{"embeddable":true,"href":"https:\/\/www.albinfo.at\/de\/wp-json\/wp\/v2\/comments?post=854918"}],"version-history":[{"count":1,"href":"https:\/\/www.albinfo.at\/de\/wp-json\/wp\/v2\/posts\/854918\/revisions"}],"predecessor-version":[{"id":854919,"href":"https:\/\/www.albinfo.at\/de\/wp-json\/wp\/v2\/posts\/854918\/revisions\/854919"}],"wp:featuredmedia":[{"embeddable":true,"href":"https:\/\/www.albinfo.at\/de\/wp-json\/wp\/v2\/media\/854834"}],"wp:attachment":[{"href":"https:\/\/www.albinfo.at\/de\/wp-json\/wp\/v2\/media?parent=854918"}],"wp:term":[{"taxonomy":"category","embeddable":true,"href":"https:\/\/www.albinfo.at\/de\/wp-json\/wp\/v2\/categories?post=854918"},{"taxonomy":"post_tag","embeddable":true,"href":"https:\/\/www.albinfo.at\/de\/wp-json\/wp\/v2\/tags?post=854918"},{"taxonomy":"vendi","embeddable":true,"href":"https:\/\/www.albinfo.at\/de\/wp-json\/wp\/v2\/vendi?post=854918"},{"taxonomy":"content_country","embeddable":true,"href":"https:\/\/www.albinfo.at\/de\/wp-json\/wp\/v2\/content_country?post=854918"}],"curies":[{"name":"wp","href":"https:\/\/api.w.org\/{rel}","templated":true}]}}