{"id":854446,"date":"2025-08-22T14:22:11","date_gmt":"2025-08-22T12:22:11","guid":{"rendered":"https:\/\/www.albinfo.ch\/?p=854446"},"modified":"2025-08-22T14:22:11","modified_gmt":"2025-08-22T12:22:11","slug":"die-botschafterin-fuehrt-ihre-abschiedstreffen-in-nordmazedonien-durch","status":"publish","type":"post","link":"https:\/\/www.albinfo.at\/de\/die-botschafterin-fuehrt-ihre-abschiedstreffen-in-nordmazedonien-durch\/","title":{"rendered":"Die Botschafterin f\u00fchrt ihre Abschiedstreffen in Nordmazedonien durch"},"content":{"rendered":"<p data-start=\"1103\" data-end=\"1495\">Zum Ende ihres Mandats f\u00fchrte die Schweizer Botschafterin in Nordmazedonien, V\u00e9ronique Hulmann, Abschiedstreffen mit mehreren Regierungsvertretern in Nordmazedonien, mit denen die Schweiz eng zusammenarbeitet, darunter der Vizepr\u00e4sident der Regierung, Arben Fetai, der Minister Zlatko Perinski, die Ministerin Vesna Janevska, der Minister Orhan Murtezani und der Minister Stefan Andonovski.<\/p>\n<p data-start=\"1497\" data-end=\"1636\">W\u00e4hrend dieser Treffen blickten sie auf die enge Zusammenarbeit zwischen der Schweiz und Nordmazedonien in den vergangenen Jahren zur\u00fcck.<\/p>\n<p data-start=\"1638\" data-end=\"1860\">Botschafterin Hulmann brachte ihre Wertsch\u00e4tzung f\u00fcr die starken Partnerschaften und das gegenseitige Vertrauen zum Ausdruck und bekr\u00e4ftigte das Engagement der Schweiz, die Reformagenda in Nordmazedonien zu unterst\u00fctzen.<\/p>\n<p><iframe loading=\"lazy\" style=\"border: none; overflow: hidden;\" src=\"https:\/\/www.facebook.com\/plugins\/post.php?href=https%3A%2F%2Fwww.facebook.com%2FSwissEmbassySkopje%2Fposts%2F1064279909212469&amp;show_text=true&amp;width=500\" width=\"500\" height=\"201\" frameborder=\"0\" scrolling=\"no\" allowfullscreen=\"allowfullscreen\" data-mce-fragment=\"1\"><\/iframe><\/p>\n","protected":false},"excerpt":{"rendered":"<p>Zum Ende ihres Mandats f\u00fchrte die Schweizer Botschafterin in Nordmazedonien, V\u00e9ronique Hulmann, Abschiedstreffen mit mehreren Regierungsvertretern in Nordmazedonien, mit denen die Schweiz eng zusammenarbeitet, darunter der Vizepr\u00e4sident der Regierung, Arben Fetai, der Minister Zlatko Perinski, die Ministerin Vesna Janevska, der Minister Orhan Murtezani und der Minister Stefan Andonovski. W\u00e4hrend dieser Treffen blickten sie auf die [&hellip;]<\/p>\n","protected":false},"author":6,"featured_media":854413,"comment_status":"closed","ping_status":"closed","sticky":false,"template":"","format":"standard","meta":{"footnotes":""},"categories":[24626,1129],"tags":[],"vendi":[],"content_country":[],"class_list":["post-854446","post","type-post","status-publish","format-standard","has-post-thumbnail","hentry","category-nord-macedonia-de-2","category-ch-balkan"],"acf":[],"_links":{"self":[{"href":"https:\/\/www.albinfo.at\/de\/wp-json\/wp\/v2\/posts\/854446","targetHints":{"allow":["GET"]}}],"collection":[{"href":"https:\/\/www.albinfo.at\/de\/wp-json\/wp\/v2\/posts"}],"about":[{"href":"https:\/\/www.albinfo.at\/de\/wp-json\/wp\/v2\/types\/post"}],"author":[{"embeddable":true,"href":"https:\/\/www.albinfo.at\/de\/wp-json\/wp\/v2\/users\/6"}],"replies":[{"embeddable":true,"href":"https:\/\/www.albinfo.at\/de\/wp-json\/wp\/v2\/comments?post=854446"}],"version-history":[{"count":1,"href":"https:\/\/www.albinfo.at\/de\/wp-json\/wp\/v2\/posts\/854446\/revisions"}],"predecessor-version":[{"id":854460,"href":"https:\/\/www.albinfo.at\/de\/wp-json\/wp\/v2\/posts\/854446\/revisions\/854460"}],"wp:featuredmedia":[{"embeddable":true,"href":"https:\/\/www.albinfo.at\/de\/wp-json\/wp\/v2\/media\/854413"}],"wp:attachment":[{"href":"https:\/\/www.albinfo.at\/de\/wp-json\/wp\/v2\/media?parent=854446"}],"wp:term":[{"taxonomy":"category","embeddable":true,"href":"https:\/\/www.albinfo.at\/de\/wp-json\/wp\/v2\/categories?post=854446"},{"taxonomy":"post_tag","embeddable":true,"href":"https:\/\/www.albinfo.at\/de\/wp-json\/wp\/v2\/tags?post=854446"},{"taxonomy":"vendi","embeddable":true,"href":"https:\/\/www.albinfo.at\/de\/wp-json\/wp\/v2\/vendi?post=854446"},{"taxonomy":"content_country","embeddable":true,"href":"https:\/\/www.albinfo.at\/de\/wp-json\/wp\/v2\/content_country?post=854446"}],"curies":[{"name":"wp","href":"https:\/\/api.w.org\/{rel}","templated":true}]}}