{"id":853589,"date":"2025-08-18T22:41:49","date_gmt":"2025-08-18T20:41:49","guid":{"rendered":"https:\/\/www.albinfo.ch\/?p=853589"},"modified":"2025-08-18T22:42:09","modified_gmt":"2025-08-18T20:42:09","slug":"kosovo-verfassungsgericht-veroeffentlicht-vollstaendiges-urteil-zur-konstituierung-des-parlaments","status":"publish","type":"post","link":"https:\/\/www.albinfo.at\/de\/kosovo-verfassungsgericht-veroeffentlicht-vollstaendiges-urteil-zur-konstituierung-des-parlaments\/","title":{"rendered":"Kosovo: Verfassungsgericht ver\u00f6ffentlicht vollst\u00e4ndiges Urteil zur Konstituierung des Parlaments"},"content":{"rendered":"<p data-start=\"121\" data-end=\"1089\">Das Verfassungsgericht des Kosovo hat heute das vollst\u00e4ndige Urteil zur Blockade bei der Konstituierung des Parlaments ver\u00f6ffentlicht.<\/p>\n<p data-start=\"121\" data-end=\"1089\">Das Urteil stellt fest, dass der Leiter der konstituierenden Sitzung, Avni Dehari, mit Punkt 3 der am 8. April 2025 angenommenen Tagesordnung fortfahren und den Vertreter der gr\u00f6\u00dften Fraktion auffordern muss, eine Kandidatin bzw. einen Kandidaten f\u00fcr das Amt der Pr\u00e4sidentin\/des Pr\u00e4sidenten der Versammlung der Republik Kosovo vorzuschlagen. Die Wahl erfolgt in offener Abstimmung und kann f\u00fcr dieselbe Kandidatin bzw. denselben Kandidaten h\u00f6chstens dreimal durchgef\u00fchrt werden.<br data-start=\"734\" data-end=\"737\" \/>Dementsprechend bestimmt das Gericht weiter, dass die gew\u00e4hlten Abgeordneten die Pr\u00e4sidentin\/den Pr\u00e4sidenten sowie die Vizepr\u00e4sidentinnen\/Vizepr\u00e4sidenten der Versammlung gem\u00e4\u00df den Punkten 3 und 4 der Tagesordnung der konstituierenden Sitzung innerhalb von 30 (dreissig) Tagen ab Inkrafttreten dieses Urteils w\u00e4hlen m\u00fcssen.<\/p>\n<p data-start=\"121\" data-end=\"1089\"><strong data-start=\"1062\" data-end=\"1087\">Vollst\u00e4ndiges Urteil:<\/strong><\/p>\n<p><a href=\"https:\/\/www.albinfo.ch\/wp-content\/uploads\/2025\/08\/vendimi.png\"><img loading=\"lazy\" decoding=\"async\" class=\"alignnone size-large wp-image-853488\" src=\"https:\/\/www.albinfo.ch\/wp-content\/uploads\/2025\/08\/vendimi.png\" alt=\"\" width=\"640\" height=\"557\" srcset=\"https:\/\/www.albinfo.at\/wp-content\/uploads\/2025\/08\/vendimi.png 758w, https:\/\/www.albinfo.at\/wp-content\/uploads\/2025\/08\/vendimi-300x261.png 300w, https:\/\/www.albinfo.at\/wp-content\/uploads\/2025\/08\/vendimi-455x396.png 455w, https:\/\/www.albinfo.at\/wp-content\/uploads\/2025\/08\/vendimi-115x100.png 115w, https:\/\/www.albinfo.at\/wp-content\/uploads\/2025\/08\/vendimi-201x175.png 201w\" sizes=\"auto, (max-width: 640px) 100vw, 640px\" \/><\/a> <a href=\"https:\/\/www.albinfo.ch\/wp-content\/uploads\/2025\/08\/vendimi2.png\"><img loading=\"lazy\" decoding=\"async\" class=\"alignnone size-large wp-image-853491\" src=\"https:\/\/www.albinfo.ch\/wp-content\/uploads\/2025\/08\/vendimi2.png\" alt=\"\" width=\"640\" height=\"527\" srcset=\"https:\/\/www.albinfo.at\/wp-content\/uploads\/2025\/08\/vendimi2.png 785w, https:\/\/www.albinfo.at\/wp-content\/uploads\/2025\/08\/vendimi2-300x247.png 300w, https:\/\/www.albinfo.at\/wp-content\/uploads\/2025\/08\/vendimi2-768x632.png 768w, https:\/\/www.albinfo.at\/wp-content\/uploads\/2025\/08\/vendimi2-481x396.png 481w, https:\/\/www.albinfo.at\/wp-content\/uploads\/2025\/08\/vendimi2-122x100.png 122w, https:\/\/www.albinfo.at\/wp-content\/uploads\/2025\/08\/vendimi2-213x175.png 213w\" sizes=\"auto, (max-width: 640px) 100vw, 640px\" \/><\/a><\/p>\n","protected":false},"excerpt":{"rendered":"<p>Das Verfassungsgericht des Kosovo hat heute das vollst\u00e4ndige Urteil zur Blockade bei der Konstituierung des Parlaments ver\u00f6ffentlicht. Das Urteil stellt fest, dass der Leiter der konstituierenden Sitzung, Avni Dehari, mit Punkt 3 der am 8. April 2025 angenommenen Tagesordnung fortfahren und den Vertreter der gr\u00f6\u00dften Fraktion auffordern muss, eine Kandidatin bzw. einen Kandidaten f\u00fcr das [&hellip;]<\/p>\n","protected":false},"author":6,"featured_media":831011,"comment_status":"closed","ping_status":"closed","sticky":false,"template":"","format":"standard","meta":{"footnotes":""},"categories":[33056,23263,1130,3952,23269,23262,24621,24631,24635,1129],"tags":[],"vendi":[],"content_country":[29888,31836,31837],"class_list":["post-853589","post","type-post","status-publish","format-standard","has-post-thumbnail","hentry","category-de-balkani-de","category-kosova-de-2","category-aktuell","category-kosova-de","category-news","category-at-balkani-de","category-kosova-de-3","category-nachrichten-de-2","category-nachrichten-de-3","category-ch-balkan","content_country-zvicer","content_country-austria-de","content_country-germany-de"],"acf":[],"_links":{"self":[{"href":"https:\/\/www.albinfo.at\/de\/wp-json\/wp\/v2\/posts\/853589","targetHints":{"allow":["GET"]}}],"collection":[{"href":"https:\/\/www.albinfo.at\/de\/wp-json\/wp\/v2\/posts"}],"about":[{"href":"https:\/\/www.albinfo.at\/de\/wp-json\/wp\/v2\/types\/post"}],"author":[{"embeddable":true,"href":"https:\/\/www.albinfo.at\/de\/wp-json\/wp\/v2\/users\/6"}],"replies":[{"embeddable":true,"href":"https:\/\/www.albinfo.at\/de\/wp-json\/wp\/v2\/comments?post=853589"}],"version-history":[{"count":1,"href":"https:\/\/www.albinfo.at\/de\/wp-json\/wp\/v2\/posts\/853589\/revisions"}],"predecessor-version":[{"id":853591,"href":"https:\/\/www.albinfo.at\/de\/wp-json\/wp\/v2\/posts\/853589\/revisions\/853591"}],"wp:featuredmedia":[{"embeddable":true,"href":"https:\/\/www.albinfo.at\/de\/wp-json\/wp\/v2\/media\/831011"}],"wp:attachment":[{"href":"https:\/\/www.albinfo.at\/de\/wp-json\/wp\/v2\/media?parent=853589"}],"wp:term":[{"taxonomy":"category","embeddable":true,"href":"https:\/\/www.albinfo.at\/de\/wp-json\/wp\/v2\/categories?post=853589"},{"taxonomy":"post_tag","embeddable":true,"href":"https:\/\/www.albinfo.at\/de\/wp-json\/wp\/v2\/tags?post=853589"},{"taxonomy":"vendi","embeddable":true,"href":"https:\/\/www.albinfo.at\/de\/wp-json\/wp\/v2\/vendi?post=853589"},{"taxonomy":"content_country","embeddable":true,"href":"https:\/\/www.albinfo.at\/de\/wp-json\/wp\/v2\/content_country?post=853589"}],"curies":[{"name":"wp","href":"https:\/\/api.w.org\/{rel}","templated":true}]}}