{"id":853581,"date":"2025-08-18T22:25:43","date_gmt":"2025-08-18T20:25:43","guid":{"rendered":"https:\/\/www.albinfo.ch\/?p=853581"},"modified":"2025-08-18T22:26:32","modified_gmt":"2025-08-18T20:26:32","slug":"kosovos-premierminister-wir-haben-die-urteile-des-verfassungsgerichts-stets-respektiert","status":"publish","type":"post","link":"https:\/\/www.albinfo.at\/de\/kosovos-premierminister-wir-haben-die-urteile-des-verfassungsgerichts-stets-respektiert\/","title":{"rendered":"Kosovos Premierminister: Wir haben die Urteile des Verfassungsgerichts stets respektiert"},"content":{"rendered":"<p>Der amtierende Premierminister des Kosovo, Albin Kurti, erkl\u00e4rte, dass er und die von ihm gef\u00fchrte Exekutive alle Entscheidungen des Verfassungsgerichts respektiert haben.<br data-start=\"1190\" data-end=\"1193\" \/>Auf die Frage, ob er und seine Partei Vet\u00ebvendosje das Urteil zur Konstituierung des Parlaments respektieren werden, sagte Kurti: \u201eEs gibt kein Urteil des Verfassungsgerichts, das die Regierung des Kosovo mit mir als Premierminister nicht respektiert h\u00e4tte. Und es gibt kein Urteil, das ich als Vorsitzender von Vet\u00ebvendosje nicht respektiert h\u00e4tte. Wenn man mich aber erneut fragt, ob ich das kommende Urteil respektieren werde, l\u00e4sst mich das denken, dass es ungew\u00f6hnlich unfair, unzumutbar sein k\u00f6nnte, sodass wir vielleicht \u00fcberlegen m\u00fcssen, was zu tun ist.\u201c<\/p>\n","protected":false},"excerpt":{"rendered":"<p>Der amtierende Premierminister des Kosovo, Albin Kurti, erkl\u00e4rte, dass er und die von ihm gef\u00fchrte Exekutive alle Entscheidungen des Verfassungsgerichts respektiert haben.Auf die Frage, ob er und seine Partei Vet\u00ebvendosje das Urteil zur Konstituierung des Parlaments respektieren werden, sagte Kurti: \u201eEs gibt kein Urteil des Verfassungsgerichts, das die Regierung des Kosovo mit mir als Premierminister [&hellip;]<\/p>\n","protected":false},"author":6,"featured_media":649818,"comment_status":"closed","ping_status":"closed","sticky":false,"template":"","format":"standard","meta":{"footnotes":""},"categories":[33056,23263,1130,3952,23269,23262,24621,24631,24635,1129],"tags":[],"vendi":[],"content_country":[29888,31836,31837],"class_list":["post-853581","post","type-post","status-publish","format-standard","has-post-thumbnail","hentry","category-de-balkani-de","category-kosova-de-2","category-aktuell","category-kosova-de","category-news","category-at-balkani-de","category-kosova-de-3","category-nachrichten-de-2","category-nachrichten-de-3","category-ch-balkan","content_country-zvicer","content_country-austria-de","content_country-germany-de"],"acf":[],"_links":{"self":[{"href":"https:\/\/www.albinfo.at\/de\/wp-json\/wp\/v2\/posts\/853581","targetHints":{"allow":["GET"]}}],"collection":[{"href":"https:\/\/www.albinfo.at\/de\/wp-json\/wp\/v2\/posts"}],"about":[{"href":"https:\/\/www.albinfo.at\/de\/wp-json\/wp\/v2\/types\/post"}],"author":[{"embeddable":true,"href":"https:\/\/www.albinfo.at\/de\/wp-json\/wp\/v2\/users\/6"}],"replies":[{"embeddable":true,"href":"https:\/\/www.albinfo.at\/de\/wp-json\/wp\/v2\/comments?post=853581"}],"version-history":[{"count":1,"href":"https:\/\/www.albinfo.at\/de\/wp-json\/wp\/v2\/posts\/853581\/revisions"}],"predecessor-version":[{"id":853582,"href":"https:\/\/www.albinfo.at\/de\/wp-json\/wp\/v2\/posts\/853581\/revisions\/853582"}],"wp:featuredmedia":[{"embeddable":true,"href":"https:\/\/www.albinfo.at\/de\/wp-json\/wp\/v2\/media\/649818"}],"wp:attachment":[{"href":"https:\/\/www.albinfo.at\/de\/wp-json\/wp\/v2\/media?parent=853581"}],"wp:term":[{"taxonomy":"category","embeddable":true,"href":"https:\/\/www.albinfo.at\/de\/wp-json\/wp\/v2\/categories?post=853581"},{"taxonomy":"post_tag","embeddable":true,"href":"https:\/\/www.albinfo.at\/de\/wp-json\/wp\/v2\/tags?post=853581"},{"taxonomy":"vendi","embeddable":true,"href":"https:\/\/www.albinfo.at\/de\/wp-json\/wp\/v2\/vendi?post=853581"},{"taxonomy":"content_country","embeddable":true,"href":"https:\/\/www.albinfo.at\/de\/wp-json\/wp\/v2\/content_country?post=853581"}],"curies":[{"name":"wp","href":"https:\/\/api.w.org\/{rel}","templated":true}]}}