{"id":853310,"date":"2025-08-17T20:36:19","date_gmt":"2025-08-17T18:36:19","guid":{"rendered":"https:\/\/www.albinfo.ch\/?p=853310"},"modified":"2025-08-18T11:37:03","modified_gmt":"2025-08-18T09:37:03","slug":"historisch-kosovo-schiedsrichter-erstmals-in-der-uefa-play-off-phase","status":"publish","type":"post","link":"https:\/\/www.albinfo.at\/de\/historisch-kosovo-schiedsrichter-erstmals-in-der-uefa-play-off-phase\/","title":{"rendered":"Historisch: Kosovo Schiedsrichter erstmals in der UEFA Play-off phase"},"content":{"rendered":"<p data-start=\"925\" data-end=\"1305\">Zum ersten Mal in der Geschichte des kosovarischen Fu\u00dfballs werden Schiedsrichter aus dem Kosovo ein Spiel in der Play-off-Phase der UEFA-Wettbewerbe leiten. In den vergangenen Jahren waren kosovarische Referees regelm\u00e4\u00dfig in europ\u00e4ischen Wettbewerben im Einsatz, doch dies ist ein historischer Moment.<\/p>\n<p data-start=\"1307\" data-end=\"1701\">Genc Nuza ist der Hauptschiedsrichter, unterst\u00fctzt von den Assistenten Bujar Selimaj und Granit Hyseni, sowie dem vierten Offiziellen Burim Jahmurataj. Sie leiten das Duell zwischen Strasbourg und Brondby, ein Play-off-Spiel der Conference League, das am Donnerstag im Stadion \u201eStade de la Meinau\u201c in Frankreich stattfindet. An der VAR ist der weitere kosovarische Schiedsrichter Dardan \u00c7aka.<\/p>\n<p data-start=\"1703\" data-end=\"1826\" data-is-last-node=\"\" data-is-only-node=\"\">Genc Nuza wurde bereits siebenmal zum besten Schiedsrichter im Kosovo gew\u00e4hlt und genie\u00dft zunehmend das Vertrauen der UEFA.<\/p>\n","protected":false},"excerpt":{"rendered":"<p>Zum ersten Mal in der Geschichte des kosovarischen Fu\u00dfballs werden Schiedsrichter aus dem Kosovo ein Spiel in der Play-off-Phase der UEFA-Wettbewerbe leiten. In den vergangenen Jahren waren kosovarische Referees regelm\u00e4\u00dfig in europ\u00e4ischen Wettbewerben im Einsatz, doch dies ist ein historischer Moment. Genc Nuza ist der Hauptschiedsrichter, unterst\u00fctzt von den Assistenten Bujar Selimaj und Granit Hyseni, [&hellip;]<\/p>\n","protected":false},"author":6,"featured_media":641954,"comment_status":"closed","ping_status":"closed","sticky":false,"template":"","format":"standard","meta":{"footnotes":""},"categories":[33056,23263,1130,3952,23269,4023,23262,24621,24631,24635,1129,1412,2015,1139],"tags":[],"vendi":[],"content_country":[29888,31836,31837],"class_list":["post-853310","post","type-post","status-publish","format-standard","has-post-thumbnail","hentry","category-de-balkani-de","category-kosova-de-2","category-aktuell","category-kosova-de","category-news","category-futboll-de","category-at-balkani-de","category-kosova-de-3","category-nachrichten-de-2","category-nachrichten-de-3","category-ch-balkan","category-newsletter-de","category-newsletter-media-de","category-sport","content_country-zvicer","content_country-austria-de","content_country-germany-de"],"acf":[],"_links":{"self":[{"href":"https:\/\/www.albinfo.at\/de\/wp-json\/wp\/v2\/posts\/853310","targetHints":{"allow":["GET"]}}],"collection":[{"href":"https:\/\/www.albinfo.at\/de\/wp-json\/wp\/v2\/posts"}],"about":[{"href":"https:\/\/www.albinfo.at\/de\/wp-json\/wp\/v2\/types\/post"}],"author":[{"embeddable":true,"href":"https:\/\/www.albinfo.at\/de\/wp-json\/wp\/v2\/users\/6"}],"replies":[{"embeddable":true,"href":"https:\/\/www.albinfo.at\/de\/wp-json\/wp\/v2\/comments?post=853310"}],"version-history":[{"count":1,"href":"https:\/\/www.albinfo.at\/de\/wp-json\/wp\/v2\/posts\/853310\/revisions"}],"predecessor-version":[{"id":853311,"href":"https:\/\/www.albinfo.at\/de\/wp-json\/wp\/v2\/posts\/853310\/revisions\/853311"}],"wp:featuredmedia":[{"embeddable":true,"href":"https:\/\/www.albinfo.at\/de\/wp-json\/wp\/v2\/media\/641954"}],"wp:attachment":[{"href":"https:\/\/www.albinfo.at\/de\/wp-json\/wp\/v2\/media?parent=853310"}],"wp:term":[{"taxonomy":"category","embeddable":true,"href":"https:\/\/www.albinfo.at\/de\/wp-json\/wp\/v2\/categories?post=853310"},{"taxonomy":"post_tag","embeddable":true,"href":"https:\/\/www.albinfo.at\/de\/wp-json\/wp\/v2\/tags?post=853310"},{"taxonomy":"vendi","embeddable":true,"href":"https:\/\/www.albinfo.at\/de\/wp-json\/wp\/v2\/vendi?post=853310"},{"taxonomy":"content_country","embeddable":true,"href":"https:\/\/www.albinfo.at\/de\/wp-json\/wp\/v2\/content_country?post=853310"}],"curies":[{"name":"wp","href":"https:\/\/api.w.org\/{rel}","templated":true}]}}