{"id":850546,"date":"2025-08-06T01:53:57","date_gmt":"2025-08-05T23:53:57","guid":{"rendered":"https:\/\/www.albinfo.ch\/?p=850546"},"modified":"2025-08-06T01:54:11","modified_gmt":"2025-08-05T23:54:11","slug":"kosovarische-stipendiatinnen-und-stipendiaten-des-swiss-excellence-programms-feiern-ihren-erfolg-bei-einem-besonderen-abend","status":"publish","type":"post","link":"https:\/\/www.albinfo.at\/de\/kosovarische-stipendiatinnen-und-stipendiaten-des-swiss-excellence-programms-feiern-ihren-erfolg-bei-einem-besonderen-abend\/","title":{"rendered":"Kosovarische Stipendiatinnen und Stipendiaten des \u201cSwiss Excellence\u201d-Programms feiern ihren Erfolg bei einem besonderen Abend"},"content":{"rendered":"<p>Ein festlicher Abend wurde zu Ehren des \u201cSwiss Excellence\u201d-Stipendiums und der Gemeinschaft der kosovarischen Forschenden organisiert, die Teil dieses Programms waren. Die Veranstaltung brachte aktuelle und ehemalige Stipendiatinnen und Stipendiaten zusammen und r\u00fcckte ihren akademischen und beruflichen Werdegang in den Mittelpunkt, teilt die Schweizer Botschaft im Kosovo mit, berichtet albinfo.ch.<\/p>\n<p><a href=\"https:\/\/www.albinfo.ch\/wp-content\/uploads\/2025\/08\/screenshot_20250805_215120_facebook.jpg\"><img loading=\"lazy\" decoding=\"async\" class=\"alignnone size-large wp-image-850522\" src=\"https:\/\/www.albinfo.ch\/wp-content\/uploads\/2025\/08\/screenshot_20250805_215120_facebook-1024x683.jpg\" alt=\"\" width=\"640\" height=\"427\" srcset=\"https:\/\/www.albinfo.at\/wp-content\/uploads\/2025\/08\/screenshot_20250805_215120_facebook-1024x683.jpg 1024w, https:\/\/www.albinfo.at\/wp-content\/uploads\/2025\/08\/screenshot_20250805_215120_facebook-300x200.jpg 300w, https:\/\/www.albinfo.at\/wp-content\/uploads\/2025\/08\/screenshot_20250805_215120_facebook-768x512.jpg 768w, https:\/\/www.albinfo.at\/wp-content\/uploads\/2025\/08\/screenshot_20250805_215120_facebook-210x141.jpg 210w, https:\/\/www.albinfo.at\/wp-content\/uploads\/2025\/08\/screenshot_20250805_215120_facebook-587x392.jpg 587w, https:\/\/www.albinfo.at\/wp-content\/uploads\/2025\/08\/screenshot_20250805_215120_facebook-150x100.jpg 150w, https:\/\/www.albinfo.at\/wp-content\/uploads\/2025\/08\/screenshot_20250805_215120_facebook-262x175.jpg 262w, https:\/\/www.albinfo.at\/wp-content\/uploads\/2025\/08\/screenshot_20250805_215120_facebook.jpg 1070w\" sizes=\"auto, (max-width: 640px) 100vw, 640px\" \/><\/a><\/p>\n<p data-start=\"2114\" data-end=\"2479\">Die Teilnehmenden teilten ihre Erfahrungen und hoben hervor, welche Rolle das Stipendium in ihrer Entwicklung als Forschende, Wissenschaftlerinnen und Fachkr\u00e4fte gespielt hat. Das \u201cSwiss Excellence\u201d-Programm wird als mehr als nur eine finanzielle Unterst\u00fctzung angesehen. Es gilt als Plattform, die Zusammenarbeit, neue Chancen und internationale Netzwerke f\u00f6rdert.<\/p>\n<p data-start=\"2481\" data-end=\"2794\">Im Fokus des Abends stand das wachsende Netzwerk kosovarischer Forschender und der positive Einfluss, den sie in ihren jeweiligen Fachrichtungen aus\u00fcben. Die Organisatorinnen und Organisatoren sprachen ihre Wertsch\u00e4tzung f\u00fcr die w\u00fcrdige Repr\u00e4sentation der Werte akademischer Exzellenz durch diese Forschenden aus.<\/p>\n<p data-start=\"2796\" data-end=\"3064\">Gleichzeitig wurde angek\u00fcndigt, dass der Aufruf zur Bewerbung f\u00fcr das akademische Jahr 2026\u20132027 bald ver\u00f6ffentlicht wird. Interessierte Kandidatinnen und Kandidaten werden gebeten, sich \u00fcber die offiziellen Kan\u00e4le \u00fcber Details und Teilnahmebedingungen zu informieren.<\/p>\n<p>&nbsp;<\/p>\n","protected":false},"excerpt":{"rendered":"<p>Ein festlicher Abend wurde zu Ehren des \u201cSwiss Excellence\u201d-Stipendiums und der Gemeinschaft der kosovarischen Forschenden organisiert, die Teil dieses Programms waren. Die Veranstaltung brachte aktuelle und ehemalige Stipendiatinnen und Stipendiaten zusammen und r\u00fcckte ihren akademischen und beruflichen Werdegang in den Mittelpunkt, teilt die Schweizer Botschaft im Kosovo mit, berichtet albinfo.ch. Die Teilnehmenden teilten ihre Erfahrungen [&hellip;]<\/p>\n","protected":false},"author":6,"featured_media":850527,"comment_status":"closed","ping_status":"closed","sticky":false,"template":"","format":"standard","meta":{"footnotes":""},"categories":[33056,23263,1130,3952,23269,23262,24621,24631,24635,1129],"tags":[],"vendi":[],"content_country":[29888,31836,31837],"class_list":["post-850546","post","type-post","status-publish","format-standard","has-post-thumbnail","hentry","category-de-balkani-de","category-kosova-de-2","category-aktuell","category-kosova-de","category-news","category-at-balkani-de","category-kosova-de-3","category-nachrichten-de-2","category-nachrichten-de-3","category-ch-balkan","content_country-zvicer","content_country-austria-de","content_country-germany-de"],"acf":[],"_links":{"self":[{"href":"https:\/\/www.albinfo.at\/de\/wp-json\/wp\/v2\/posts\/850546","targetHints":{"allow":["GET"]}}],"collection":[{"href":"https:\/\/www.albinfo.at\/de\/wp-json\/wp\/v2\/posts"}],"about":[{"href":"https:\/\/www.albinfo.at\/de\/wp-json\/wp\/v2\/types\/post"}],"author":[{"embeddable":true,"href":"https:\/\/www.albinfo.at\/de\/wp-json\/wp\/v2\/users\/6"}],"replies":[{"embeddable":true,"href":"https:\/\/www.albinfo.at\/de\/wp-json\/wp\/v2\/comments?post=850546"}],"version-history":[{"count":1,"href":"https:\/\/www.albinfo.at\/de\/wp-json\/wp\/v2\/posts\/850546\/revisions"}],"predecessor-version":[{"id":850547,"href":"https:\/\/www.albinfo.at\/de\/wp-json\/wp\/v2\/posts\/850546\/revisions\/850547"}],"wp:featuredmedia":[{"embeddable":true,"href":"https:\/\/www.albinfo.at\/de\/wp-json\/wp\/v2\/media\/850527"}],"wp:attachment":[{"href":"https:\/\/www.albinfo.at\/de\/wp-json\/wp\/v2\/media?parent=850546"}],"wp:term":[{"taxonomy":"category","embeddable":true,"href":"https:\/\/www.albinfo.at\/de\/wp-json\/wp\/v2\/categories?post=850546"},{"taxonomy":"post_tag","embeddable":true,"href":"https:\/\/www.albinfo.at\/de\/wp-json\/wp\/v2\/tags?post=850546"},{"taxonomy":"vendi","embeddable":true,"href":"https:\/\/www.albinfo.at\/de\/wp-json\/wp\/v2\/vendi?post=850546"},{"taxonomy":"content_country","embeddable":true,"href":"https:\/\/www.albinfo.at\/de\/wp-json\/wp\/v2\/content_country?post=850546"}],"curies":[{"name":"wp","href":"https:\/\/api.w.org\/{rel}","templated":true}]}}