{"id":849271,"date":"2025-08-01T10:50:17","date_gmt":"2025-08-01T08:50:17","guid":{"rendered":"https:\/\/www.albinfo.ch\/?p=849271"},"modified":"2025-08-01T10:50:39","modified_gmt":"2025-08-01T08:50:39","slug":"praesidentin-osmani-empfaengt-die-diaspora-ihr-seid-der-stolz-des-kosovo","status":"publish","type":"post","link":"https:\/\/www.albinfo.at\/de\/praesidentin-osmani-empfaengt-die-diaspora-ihr-seid-der-stolz-des-kosovo\/","title":{"rendered":"Pr\u00e4sidentin Osmani empf\u00e4ngt die Diaspora: \u201eIhr seid der Stolz des Kosovo\u201c"},"content":{"rendered":"<p data-start=\"1889\" data-end=\"2126\">Bei einer besonderen Zeremonie in Pristina f\u00fcr die im Ausland lebenden Landsleute betonte die Pr\u00e4sidentin des Kosovo, Vjosa Osmani, die zentrale Rolle der Diaspora bei der w\u00fcrdigen Vertretung des Landes in der Welt, berichtet albinfo.ch.<\/p>\n<p data-start=\"2128\" data-end=\"2266\">In ihrer Rede sprach Osmani der Diaspora ihren besonderen Dank f\u00fcr ihren anhaltenden Beitrag zur Entwicklung und F\u00f6rderung des Kosovo aus.<\/p>\n<p data-start=\"2268\" data-end=\"2780\">\u201eVon der Schweiz und Deutschland bis zu den Vereinigten Staaten und Kanada, von Universit\u00e4tsdozenten bis zu Unternehmern in \u00d6sterreich, im Technologiesektor in den nordischen L\u00e4ndern \u2013 ihr habt eine Schl\u00fcsselrolle im Fortschritt der Gesellschaften gespielt, in denen ihr lebt. Albaner sind heute nicht nur physisch pr\u00e4sent, sondern auch auf den wichtigsten politischen, akademischen und kulturellen B\u00fchnen der Welt \u2013 als Abgeordnete, Professoren, Sportler, K\u00fcnstler und international bekannte S\u00e4nger\u201c, sagte sie.<\/p>\n<p data-start=\"2782\" data-end=\"2881\">Sie f\u00fcgte hinzu, dass ihre weltweite Pr\u00e4senz ein Ruhmesblatt f\u00fcr die gesamte albanische Nation sei.<\/p>\n<p data-start=\"2883\" data-end=\"3254\">\u201eWo immer ihr auch seid, ihr repr\u00e4sentiert den Kosovo mit W\u00fcrde. Ihr tragt das beste Bild unseres Landes in die Welt hinaus, und deshalb sage ich mit voller \u00dcberzeugung: Ihr seid die st\u00e4rksten Botschafter des Kosovo. Nat\u00fcrlich ohne unsere offiziellen Diplomaten zu vergessen, die gro\u00dfartige Arbeit leisten, aber eure Rolle geht weit \u00fcber jede formelle Vertretung hinaus.\u201c<\/p>\n<p data-start=\"3256\" data-end=\"3436\" data-is-last-node=\"\" data-is-only-node=\"\">Am Tag des Willkommens f\u00fcr die Diaspora \u00e4u\u00dferte Pr\u00e4sidentin Osmani auch ihre Trauer \u00fcber den tragischen Tod des 33-j\u00e4hrigen Migranten Rrahim Latifi, der im Ujman-See ertrunken ist.<\/p>\n","protected":false},"excerpt":{"rendered":"<p>Bei einer besonderen Zeremonie in Pristina f\u00fcr die im Ausland lebenden Landsleute betonte die Pr\u00e4sidentin des Kosovo, Vjosa Osmani, die zentrale Rolle der Diaspora bei der w\u00fcrdigen Vertretung des Landes in der Welt, berichtet albinfo.ch. In ihrer Rede sprach Osmani der Diaspora ihren besonderen Dank f\u00fcr ihren anhaltenden Beitrag zur Entwicklung und F\u00f6rderung des Kosovo [&hellip;]<\/p>\n","protected":false},"author":6,"featured_media":849244,"comment_status":"closed","ping_status":"closed","sticky":false,"template":"","format":"standard","meta":{"footnotes":""},"categories":[33056,23263,24636,1130,3952,23269,23262,24621,24631,24635,1129,1133],"tags":[],"vendi":[],"content_country":[29888,31836,31837],"class_list":["post-849271","post","type-post","status-publish","format-standard","has-post-thumbnail","hentry","category-de-balkani-de","category-kosova-de-2","category-nachrichten-de-4","category-aktuell","category-kosova-de","category-news","category-at-balkani-de","category-kosova-de-3","category-nachrichten-de-2","category-nachrichten-de-3","category-ch-balkan","category-e-diaspora-de","content_country-zvicer","content_country-austria-de","content_country-germany-de"],"acf":[],"_links":{"self":[{"href":"https:\/\/www.albinfo.at\/de\/wp-json\/wp\/v2\/posts\/849271","targetHints":{"allow":["GET"]}}],"collection":[{"href":"https:\/\/www.albinfo.at\/de\/wp-json\/wp\/v2\/posts"}],"about":[{"href":"https:\/\/www.albinfo.at\/de\/wp-json\/wp\/v2\/types\/post"}],"author":[{"embeddable":true,"href":"https:\/\/www.albinfo.at\/de\/wp-json\/wp\/v2\/users\/6"}],"replies":[{"embeddable":true,"href":"https:\/\/www.albinfo.at\/de\/wp-json\/wp\/v2\/comments?post=849271"}],"version-history":[{"count":1,"href":"https:\/\/www.albinfo.at\/de\/wp-json\/wp\/v2\/posts\/849271\/revisions"}],"predecessor-version":[{"id":849272,"href":"https:\/\/www.albinfo.at\/de\/wp-json\/wp\/v2\/posts\/849271\/revisions\/849272"}],"wp:featuredmedia":[{"embeddable":true,"href":"https:\/\/www.albinfo.at\/de\/wp-json\/wp\/v2\/media\/849244"}],"wp:attachment":[{"href":"https:\/\/www.albinfo.at\/de\/wp-json\/wp\/v2\/media?parent=849271"}],"wp:term":[{"taxonomy":"category","embeddable":true,"href":"https:\/\/www.albinfo.at\/de\/wp-json\/wp\/v2\/categories?post=849271"},{"taxonomy":"post_tag","embeddable":true,"href":"https:\/\/www.albinfo.at\/de\/wp-json\/wp\/v2\/tags?post=849271"},{"taxonomy":"vendi","embeddable":true,"href":"https:\/\/www.albinfo.at\/de\/wp-json\/wp\/v2\/vendi?post=849271"},{"taxonomy":"content_country","embeddable":true,"href":"https:\/\/www.albinfo.at\/de\/wp-json\/wp\/v2\/content_country?post=849271"}],"curies":[{"name":"wp","href":"https:\/\/api.w.org\/{rel}","templated":true}]}}