{"id":848827,"date":"2025-07-30T00:28:55","date_gmt":"2025-07-29T22:28:55","guid":{"rendered":"https:\/\/www.albinfo.ch\/?p=848827"},"modified":"2025-07-30T00:29:29","modified_gmt":"2025-07-29T22:29:29","slug":"praesidentin-vjosa-osmani-laedt-die-diaspora-zum-traditionellen-empfang-im-praesidialamt-ein","status":"publish","type":"post","link":"https:\/\/www.albinfo.at\/de\/praesidentin-vjosa-osmani-laedt-die-diaspora-zum-traditionellen-empfang-im-praesidialamt-ein\/","title":{"rendered":"Pr\u00e4sidentin Vjosa Osmani l\u00e4dt die Diaspora zum traditionellen Empfang im Pr\u00e4sidialamt ein"},"content":{"rendered":"<p data-start=\"584\" data-end=\"755\">Die Pr\u00e4sidentin des Kosovo, Vjosa Osmani, hat die Diaspora eingeladen, am Donnerstag, dem 31. Juli 2025, am traditionellen Empfang im Hof der Pr\u00e4sidentschaft teilzunehmen.<\/p>\n<p data-start=\"757\" data-end=\"920\" data-is-last-node=\"\" data-is-only-node=\"\">Diese Veranstaltung wird jedes Jahr organisiert, um die R\u00fcckkehr zu begr\u00fc\u00dfen und an die engen Verbindungen zwischen der Diaspora und dem Herkunftsland zu erinnern.<\/p>\n<p><a href=\"https:\/\/www.albinfo.ch\/wp-content\/uploads\/2025\/07\/screenshot_20250729_223908_facebook.jpg\"><img loading=\"lazy\" decoding=\"async\" class=\"alignnone size-large wp-image-848804\" src=\"https:\/\/www.albinfo.ch\/wp-content\/uploads\/2025\/07\/screenshot_20250729_223908_facebook-1024x899.jpg\" alt=\"\" width=\"640\" height=\"562\" srcset=\"https:\/\/www.albinfo.at\/wp-content\/uploads\/2025\/07\/screenshot_20250729_223908_facebook-1024x899.jpg 1024w, https:\/\/www.albinfo.at\/wp-content\/uploads\/2025\/07\/screenshot_20250729_223908_facebook-300x263.jpg 300w, https:\/\/www.albinfo.at\/wp-content\/uploads\/2025\/07\/screenshot_20250729_223908_facebook-768x674.jpg 768w, https:\/\/www.albinfo.at\/wp-content\/uploads\/2025\/07\/screenshot_20250729_223908_facebook-451x396.jpg 451w, https:\/\/www.albinfo.at\/wp-content\/uploads\/2025\/07\/screenshot_20250729_223908_facebook-114x100.jpg 114w, https:\/\/www.albinfo.at\/wp-content\/uploads\/2025\/07\/screenshot_20250729_223908_facebook-199x175.jpg 199w, https:\/\/www.albinfo.at\/wp-content\/uploads\/2025\/07\/screenshot_20250729_223908_facebook.jpg 1080w\" sizes=\"auto, (max-width: 640px) 100vw, 640px\" \/><\/a><\/p>\n","protected":false},"excerpt":{"rendered":"<p>Die Pr\u00e4sidentin des Kosovo, Vjosa Osmani, hat die Diaspora eingeladen, am Donnerstag, dem 31. Juli 2025, am traditionellen Empfang im Hof der Pr\u00e4sidentschaft teilzunehmen. Diese Veranstaltung wird jedes Jahr organisiert, um die R\u00fcckkehr zu begr\u00fc\u00dfen und an die engen Verbindungen zwischen der Diaspora und dem Herkunftsland zu erinnern.<\/p>\n","protected":false},"author":6,"featured_media":848534,"comment_status":"closed","ping_status":"closed","sticky":false,"template":"","format":"standard","meta":{"footnotes":""},"categories":[33056,23263,24636,1130,3952,23269,23262,24621,24631,24635,1129,1133],"tags":[],"vendi":[],"content_country":[29888,31836,31837],"class_list":["post-848827","post","type-post","status-publish","format-standard","has-post-thumbnail","hentry","category-de-balkani-de","category-kosova-de-2","category-nachrichten-de-4","category-aktuell","category-kosova-de","category-news","category-at-balkani-de","category-kosova-de-3","category-nachrichten-de-2","category-nachrichten-de-3","category-ch-balkan","category-e-diaspora-de","content_country-zvicer","content_country-austria-de","content_country-germany-de"],"acf":[],"_links":{"self":[{"href":"https:\/\/www.albinfo.at\/de\/wp-json\/wp\/v2\/posts\/848827","targetHints":{"allow":["GET"]}}],"collection":[{"href":"https:\/\/www.albinfo.at\/de\/wp-json\/wp\/v2\/posts"}],"about":[{"href":"https:\/\/www.albinfo.at\/de\/wp-json\/wp\/v2\/types\/post"}],"author":[{"embeddable":true,"href":"https:\/\/www.albinfo.at\/de\/wp-json\/wp\/v2\/users\/6"}],"replies":[{"embeddable":true,"href":"https:\/\/www.albinfo.at\/de\/wp-json\/wp\/v2\/comments?post=848827"}],"version-history":[{"count":1,"href":"https:\/\/www.albinfo.at\/de\/wp-json\/wp\/v2\/posts\/848827\/revisions"}],"predecessor-version":[{"id":848828,"href":"https:\/\/www.albinfo.at\/de\/wp-json\/wp\/v2\/posts\/848827\/revisions\/848828"}],"wp:featuredmedia":[{"embeddable":true,"href":"https:\/\/www.albinfo.at\/de\/wp-json\/wp\/v2\/media\/848534"}],"wp:attachment":[{"href":"https:\/\/www.albinfo.at\/de\/wp-json\/wp\/v2\/media?parent=848827"}],"wp:term":[{"taxonomy":"category","embeddable":true,"href":"https:\/\/www.albinfo.at\/de\/wp-json\/wp\/v2\/categories?post=848827"},{"taxonomy":"post_tag","embeddable":true,"href":"https:\/\/www.albinfo.at\/de\/wp-json\/wp\/v2\/tags?post=848827"},{"taxonomy":"vendi","embeddable":true,"href":"https:\/\/www.albinfo.at\/de\/wp-json\/wp\/v2\/vendi?post=848827"},{"taxonomy":"content_country","embeddable":true,"href":"https:\/\/www.albinfo.at\/de\/wp-json\/wp\/v2\/content_country?post=848827"}],"curies":[{"name":"wp","href":"https:\/\/api.w.org\/{rel}","templated":true}]}}