{"id":845312,"date":"2025-07-12T13:34:38","date_gmt":"2025-07-12T11:34:38","guid":{"rendered":"https:\/\/www.albinfo.ch\/?p=845312"},"modified":"2025-07-12T13:34:38","modified_gmt":"2025-07-12T11:34:38","slug":"die-schweiz-trifft-im-viertelfinale-auf-spanien","status":"publish","type":"post","link":"https:\/\/www.albinfo.at\/de\/die-schweiz-trifft-im-viertelfinale-auf-spanien\/","title":{"rendered":"Die Schweiz trifft im Viertelfinale auf Spanien"},"content":{"rendered":"<p data-start=\"1122\" data-end=\"1219\">Zum ersten Mal hat sich die Schweiz f\u00fcr ein Viertelfinale einer Europameisterschaft qualifiziert.<\/p>\n<p data-start=\"1221\" data-end=\"1364\">Das Tor von Riola Xhemaili sicherte den Einzug in die n\u00e4chste Runde, aber nun wartet eine sehr schwierige Aufgabe auf sie, schreibt albinfo.ch.<\/p>\n<p data-start=\"1366\" data-end=\"1562\">Die Schweiz wird gegen Spanien spielen, einen der Favoriten auf den Titel bei dieser Europameisterschaft. Die Tradition spricht f\u00fcr Spanien, w\u00e4hrend die Unterst\u00fctzung auf Seiten der Schweiz liegt.<\/p>\n<p data-start=\"1564\" data-end=\"1611\">Das Spiel findet am Freitag um 21:00 Uhr statt.<\/p>\n<p data-start=\"1613\" data-end=\"1710\">Diese Europameisterschaft wird in der Schweiz ausgetragen. Sie begann am 2. Juli und endet am 27.<\/p>\n<p data-start=\"1712\" data-end=\"1759\">Bisher war es ein Spektakel mit vollen Stadien.<\/p>\n","protected":false},"excerpt":{"rendered":"<p>Die Schweizerinnen werden versuchen, ihren Traum weiterleben zu lassen.<\/p>\n","protected":false},"author":6,"featured_media":842983,"comment_status":"closed","ping_status":"closed","sticky":false,"template":"","format":"standard","meta":{"footnotes":""},"categories":[34881,1139],"tags":[],"vendi":[],"content_country":[29888,31836,31837],"class_list":["post-845312","post","type-post","status-publish","format-standard","has-post-thumbnail","hentry","category-euro-2025-de","category-sport","content_country-zvicer","content_country-austria-de","content_country-germany-de"],"acf":[],"_links":{"self":[{"href":"https:\/\/www.albinfo.at\/de\/wp-json\/wp\/v2\/posts\/845312","targetHints":{"allow":["GET"]}}],"collection":[{"href":"https:\/\/www.albinfo.at\/de\/wp-json\/wp\/v2\/posts"}],"about":[{"href":"https:\/\/www.albinfo.at\/de\/wp-json\/wp\/v2\/types\/post"}],"author":[{"embeddable":true,"href":"https:\/\/www.albinfo.at\/de\/wp-json\/wp\/v2\/users\/6"}],"replies":[{"embeddable":true,"href":"https:\/\/www.albinfo.at\/de\/wp-json\/wp\/v2\/comments?post=845312"}],"version-history":[{"count":1,"href":"https:\/\/www.albinfo.at\/de\/wp-json\/wp\/v2\/posts\/845312\/revisions"}],"predecessor-version":[{"id":845314,"href":"https:\/\/www.albinfo.at\/de\/wp-json\/wp\/v2\/posts\/845312\/revisions\/845314"}],"wp:featuredmedia":[{"embeddable":true,"href":"https:\/\/www.albinfo.at\/de\/wp-json\/wp\/v2\/media\/842983"}],"wp:attachment":[{"href":"https:\/\/www.albinfo.at\/de\/wp-json\/wp\/v2\/media?parent=845312"}],"wp:term":[{"taxonomy":"category","embeddable":true,"href":"https:\/\/www.albinfo.at\/de\/wp-json\/wp\/v2\/categories?post=845312"},{"taxonomy":"post_tag","embeddable":true,"href":"https:\/\/www.albinfo.at\/de\/wp-json\/wp\/v2\/tags?post=845312"},{"taxonomy":"vendi","embeddable":true,"href":"https:\/\/www.albinfo.at\/de\/wp-json\/wp\/v2\/vendi?post=845312"},{"taxonomy":"content_country","embeddable":true,"href":"https:\/\/www.albinfo.at\/de\/wp-json\/wp\/v2\/content_country?post=845312"}],"curies":[{"name":"wp","href":"https:\/\/api.w.org\/{rel}","templated":true}]}}