{"id":845179,"date":"2025-07-11T20:23:44","date_gmt":"2025-07-11T18:23:44","guid":{"rendered":"https:\/\/www.albinfo.ch\/?p=845179"},"modified":"2025-07-11T20:24:17","modified_gmt":"2025-07-11T18:24:17","slug":"2-albanerinnen-2-tore-bei-der-europameisterschaft","status":"publish","type":"post","link":"https:\/\/www.albinfo.at\/de\/2-albanerinnen-2-tore-bei-der-europameisterschaft\/","title":{"rendered":"2 Albanerinnen, 2 Tore bei der Europameisterschaft"},"content":{"rendered":"<p data-start=\"1696\" data-end=\"1820\">Die Frauen-Europameisterschaft in der Schweiz hat bisher f\u00fcr viel Spektakel gesorgt, die meisten Stadien waren voll besetzt.<\/p>\n<p data-start=\"1822\" data-end=\"1917\">Auch albanische Spielerinnen hinterlassen bei diesem Turnier ihre Spuren, berichtet albinfo.ch.<\/p>\n<p data-start=\"1919\" data-end=\"2086\">Riola Xhemaili und Kosovare Asllani sind die beiden albanischen Fussballerinnen bei dieser Europameisterschaft. Riola spielt f\u00fcr die Schweiz und Kosovare f\u00fcr Schweden.<\/p>\n<p data-start=\"2088\" data-end=\"2204\">In der Gruppenphase, die noch nicht abgeschlossen ist, haben beide albanischen Spielerinnen jeweils ein Tor erzielt.<\/p>\n<p data-start=\"2206\" data-end=\"2415\">Riola Xhemaili sicherte der Schweiz mit ihrem Tor in der 92. Minute einen Punkt gegen Finnland und f\u00fchrte ihr Team damit erstmals ins Viertelfinale, nachdem die Schweiz die Gruppe A mit vier Punkten abschloss.<\/p>\n<figure id=\"attachment_843527\" aria-describedby=\"caption-attachment-843527\" style=\"width: 500px\" class=\"wp-caption alignnone\"><a href=\"https:\/\/www.albinfo.ch\/wp-content\/uploads\/2025\/07\/667786258_socialmedia.jpg\"><img loading=\"lazy\" decoding=\"async\" class=\"wp-image-843527\" src=\"https:\/\/www.albinfo.ch\/wp-content\/uploads\/2025\/07\/667786258_socialmedia.jpg\" alt=\"\" width=\"500\" height=\"333\" srcset=\"https:\/\/www.albinfo.at\/wp-content\/uploads\/2025\/07\/667786258_socialmedia.jpg 1024w, https:\/\/www.albinfo.at\/wp-content\/uploads\/2025\/07\/667786258_socialmedia-300x200.jpg 300w, https:\/\/www.albinfo.at\/wp-content\/uploads\/2025\/07\/667786258_socialmedia-768x512.jpg 768w, https:\/\/www.albinfo.at\/wp-content\/uploads\/2025\/07\/667786258_socialmedia-586x389.jpg 586w, https:\/\/www.albinfo.at\/wp-content\/uploads\/2025\/07\/667786258_socialmedia-210x141.jpg 210w, https:\/\/www.albinfo.at\/wp-content\/uploads\/2025\/07\/667786258_socialmedia-587x392.jpg 587w, https:\/\/www.albinfo.at\/wp-content\/uploads\/2025\/07\/667786258_socialmedia-150x100.jpg 150w, https:\/\/www.albinfo.at\/wp-content\/uploads\/2025\/07\/667786258_socialmedia-262x175.jpg 262w\" sizes=\"auto, (max-width: 500px) 100vw, 500px\" \/><\/a><figcaption id=\"caption-attachment-843527\" class=\"wp-caption-text\">(AP Photo\/Alessandra Tarantino)<\/figcaption><\/figure>\n<p data-start=\"2417\" data-end=\"2667\">Kosovare Asllani erzielte in zwei Spielen ein Tor gegen Polen und lieferte zudem eine Vorlage. Als Kapit\u00e4nin Schwedens feierte sie gegen D\u00e4nemark ihren 200. Einsatz f\u00fcr die Nationalmannschaft\u00a0 eine aussergew\u00f6hnliche Zahl im internationalen Fussball.<\/p>\n<p data-start=\"2669\" data-end=\"2845\">Das letzte Gruppenspiel f\u00fcr Schweden findet am Samstagabend gegen Deutschland statt. Es geht um den Gruppensieg, da beide Teams bereits f\u00fcr die n\u00e4chste Runde qualifiziert sind.<\/p>\n<p>&nbsp;<\/p>\n<p>&nbsp;<\/p>\n<p>&nbsp;<\/p>\n","protected":false},"excerpt":{"rendered":"<p>Zwei albanische Fussballerinnen haben bei der Frauen-Europameisterschaft in der Schweiz ihre Spuren hinterlassen<\/p>\n","protected":false},"author":6,"featured_media":842534,"comment_status":"closed","ping_status":"closed","sticky":false,"template":"","format":"standard","meta":{"footnotes":""},"categories":[4023,1139],"tags":[],"vendi":[],"content_country":[29888,31836,31837],"class_list":["post-845179","post","type-post","status-publish","format-standard","has-post-thumbnail","hentry","category-futboll-de","category-sport","content_country-zvicer","content_country-austria-de","content_country-germany-de"],"acf":[],"_links":{"self":[{"href":"https:\/\/www.albinfo.at\/de\/wp-json\/wp\/v2\/posts\/845179","targetHints":{"allow":["GET"]}}],"collection":[{"href":"https:\/\/www.albinfo.at\/de\/wp-json\/wp\/v2\/posts"}],"about":[{"href":"https:\/\/www.albinfo.at\/de\/wp-json\/wp\/v2\/types\/post"}],"author":[{"embeddable":true,"href":"https:\/\/www.albinfo.at\/de\/wp-json\/wp\/v2\/users\/6"}],"replies":[{"embeddable":true,"href":"https:\/\/www.albinfo.at\/de\/wp-json\/wp\/v2\/comments?post=845179"}],"version-history":[{"count":1,"href":"https:\/\/www.albinfo.at\/de\/wp-json\/wp\/v2\/posts\/845179\/revisions"}],"predecessor-version":[{"id":845181,"href":"https:\/\/www.albinfo.at\/de\/wp-json\/wp\/v2\/posts\/845179\/revisions\/845181"}],"wp:featuredmedia":[{"embeddable":true,"href":"https:\/\/www.albinfo.at\/de\/wp-json\/wp\/v2\/media\/842534"}],"wp:attachment":[{"href":"https:\/\/www.albinfo.at\/de\/wp-json\/wp\/v2\/media?parent=845179"}],"wp:term":[{"taxonomy":"category","embeddable":true,"href":"https:\/\/www.albinfo.at\/de\/wp-json\/wp\/v2\/categories?post=845179"},{"taxonomy":"post_tag","embeddable":true,"href":"https:\/\/www.albinfo.at\/de\/wp-json\/wp\/v2\/tags?post=845179"},{"taxonomy":"vendi","embeddable":true,"href":"https:\/\/www.albinfo.at\/de\/wp-json\/wp\/v2\/vendi?post=845179"},{"taxonomy":"content_country","embeddable":true,"href":"https:\/\/www.albinfo.at\/de\/wp-json\/wp\/v2\/content_country?post=845179"}],"curies":[{"name":"wp","href":"https:\/\/api.w.org\/{rel}","templated":true}]}}