{"id":845151,"date":"2025-07-11T19:42:02","date_gmt":"2025-07-11T17:42:02","guid":{"rendered":"https:\/\/www.albinfo.ch\/?p=845151"},"modified":"2025-07-11T19:42:02","modified_gmt":"2025-07-11T17:42:02","slug":"riola-xhemaili-gluecklich-die-schweiz-qualifiziert-zu-haben","status":"publish","type":"post","link":"https:\/\/www.albinfo.at\/de\/riola-xhemaili-gluecklich-die-schweiz-qualifiziert-zu-haben\/","title":{"rendered":"Riola Xhemaili gl\u00fccklich, die Schweiz qualifiziert zu haben"},"content":{"rendered":"<p data-start=\"1735\" data-end=\"1918\">Die Schweiz feierte dank des Tores der albanischen Spielerin. Dieses Tor wird in die Geschichte eingehen, schreiben die Medien 20 Minuten\u00a0 und auch\u00a0 Blick, berichtet albinfo.ch.<\/p>\n<p data-start=\"1920\" data-end=\"2027\">Mit diesem Tor qualifizierte sich die Schweiz zum ersten Mal f\u00fcr das Viertelfinale der Europameisterschaft.<\/p>\n<p data-start=\"2029\" data-end=\"2116\">Die EM findet in der Schweiz statt, und fast das ganze Land feierte am Donnerstagabend.<\/p>\n<p data-start=\"2118\" data-end=\"2225\">&#8220;Ich wollte zu den Fans rennen, aber da war ein Zaun und ich wollte nicht dar\u00fcberfallen &#8220;, sagte Xhemaili.<\/p>\n<p data-start=\"2227\" data-end=\"2381\">&#8221; Es ist unglaublich. Es ist das beste Gef\u00fchl, das ich je erlebt habe. Es ist, als ob ein sch\u00f6ner Traum wahr wird &#8220;, f\u00fcgte die albanische St\u00fcrmerin hinzu.<\/p>\n<p data-start=\"2383\" data-end=\"2738\">Sie kam erst in der 82. Minute ins Spiel. \u00ab Ich wusste, dass ich dieses Tor schie\u00dfen w\u00fcrde. Als der Ball kam, wusste ich genau, wo ich stehen muss. Ich musste nur darauf achten, nicht im Abseits zu sein. Und dann war der Ball drin. Es ist sch\u00f6n, das zu erleben, wir haben es verdient \u00bb, sagte Xhemaili, die sich freut, ihre Familie stolz gemacht zu haben.<\/p>\n<p data-start=\"2740\" data-end=\"2894\">&#8220;Viele haben an mir gezweifelt. Aber ich denke, ich habe gezeigt, warum ich hier bin und dass ich dem Team helfen kann &#8220;, sagte die albanische Spielerin.<\/p>\n<p data-start=\"2896\" data-end=\"2992\">&#8221; Es ist unglaublich, wie wir die ganze Schweiz zum Feiern bringen &#8220;, f\u00fcgte die St\u00fcrmerin hinzu.<\/p>\n","protected":false},"excerpt":{"rendered":"<p>Die albanische Fu\u00dfballerin zeigte sich stolz, ein ganzes Volk gl\u00fccklich gemacht zu haben<\/p>\n","protected":false},"author":6,"featured_media":844882,"comment_status":"closed","ping_status":"closed","sticky":false,"template":"","format":"standard","meta":{"footnotes":""},"categories":[34881,4023,1506,1139],"tags":[],"vendi":[],"content_country":[29888,31836,31837],"class_list":["post-845151","post","type-post","status-publish","format-standard","has-post-thumbnail","hentry","category-euro-2025-de","category-futboll-de","category-uncategorized-de","category-sport","content_country-zvicer","content_country-austria-de","content_country-germany-de"],"acf":[],"_links":{"self":[{"href":"https:\/\/www.albinfo.at\/de\/wp-json\/wp\/v2\/posts\/845151","targetHints":{"allow":["GET"]}}],"collection":[{"href":"https:\/\/www.albinfo.at\/de\/wp-json\/wp\/v2\/posts"}],"about":[{"href":"https:\/\/www.albinfo.at\/de\/wp-json\/wp\/v2\/types\/post"}],"author":[{"embeddable":true,"href":"https:\/\/www.albinfo.at\/de\/wp-json\/wp\/v2\/users\/6"}],"replies":[{"embeddable":true,"href":"https:\/\/www.albinfo.at\/de\/wp-json\/wp\/v2\/comments?post=845151"}],"version-history":[{"count":1,"href":"https:\/\/www.albinfo.at\/de\/wp-json\/wp\/v2\/posts\/845151\/revisions"}],"predecessor-version":[{"id":845153,"href":"https:\/\/www.albinfo.at\/de\/wp-json\/wp\/v2\/posts\/845151\/revisions\/845153"}],"wp:featuredmedia":[{"embeddable":true,"href":"https:\/\/www.albinfo.at\/de\/wp-json\/wp\/v2\/media\/844882"}],"wp:attachment":[{"href":"https:\/\/www.albinfo.at\/de\/wp-json\/wp\/v2\/media?parent=845151"}],"wp:term":[{"taxonomy":"category","embeddable":true,"href":"https:\/\/www.albinfo.at\/de\/wp-json\/wp\/v2\/categories?post=845151"},{"taxonomy":"post_tag","embeddable":true,"href":"https:\/\/www.albinfo.at\/de\/wp-json\/wp\/v2\/tags?post=845151"},{"taxonomy":"vendi","embeddable":true,"href":"https:\/\/www.albinfo.at\/de\/wp-json\/wp\/v2\/vendi?post=845151"},{"taxonomy":"content_country","embeddable":true,"href":"https:\/\/www.albinfo.at\/de\/wp-json\/wp\/v2\/content_country?post=845151"}],"curies":[{"name":"wp","href":"https:\/\/api.w.org\/{rel}","templated":true}]}}