{"id":842775,"date":"2025-07-02T10:10:03","date_gmt":"2025-07-02T08:10:03","guid":{"rendered":"https:\/\/www.albinfo.ch\/?p=842775"},"modified":"2025-07-10T23:37:09","modified_gmt":"2025-07-10T21:37:09","slug":"600-000-tickets-fuer-die-frauen-em-in-der-schweiz-verkauft","status":"publish","type":"post","link":"https:\/\/www.albinfo.at\/de\/600-000-tickets-fuer-die-frauen-em-in-der-schweiz-verkauft\/","title":{"rendered":"600 000 Tickets f\u00fcr die Frauen-EM in der Schweiz verkauft"},"content":{"rendered":"<p data-start=\"1419\" data-end=\"1571\">Die Eintrittskarten f\u00fcr die Frauen-Europameisterschaft, die diesmal in der Schweiz stattfindet, verkaufen sich fast \u00fcberall gut\u00a0 mit Ausnahme von Genf.<\/p>\n<p data-start=\"1573\" data-end=\"1634\">Von den 670 000 verf\u00fcgbaren Tickets sind 600 000 bereits weg.<\/p>\n<p data-start=\"1636\" data-end=\"1805\">Die meisten Spielst\u00e4tten sind inzwischen ausverkauft, bis auf zwei Spiele, die im Stade de Gen\u00e8ve ausgetragen werden: D\u00e4nemark gegen Schweden und Portugal gegen Italien.<\/p>\n<p data-start=\"1807\" data-end=\"1990\">Die Viertel- und Halbfinalspiele, die in Genf stattfinden, sind alle ausverkauft. Warum gerade diese beiden Partien hinter den Erwartungen zur\u00fcckbleiben, bleibt allerdings r\u00e4tselhaft.<\/p>\n<p data-start=\"1992\" data-end=\"2298\">Einige Kommentatoren meinen, es sei bis zu einem gewissen Grad verst\u00e4ndlich, dass das Spiel D\u00e4nemark gegen Schweden schwerer zu f\u00fcllen ist. \u00dcberraschend sei jedoch, dass auch das Spiel zwischen Italien und Portugal nicht ausverkauft ist, zumal in Genf gro\u00dfe italienische und portugiesische Gemeinden leben.<\/p>\n<p data-start=\"2300\" data-end=\"2384\">Es besteht die Hoffnung, dass der Ticketverkauf anzieht, sobald das Turnier beginnt.<\/p>\n","protected":false},"excerpt":{"rendered":"<p>670 000 Tickets standen zur Verf\u00fcgung und 600 000 sind bereits verkauft.<\/p>\n","protected":false},"author":6,"featured_media":828435,"comment_status":"closed","ping_status":"closed","sticky":false,"template":"","format":"standard","meta":{"footnotes":""},"categories":[34881,24006,1140,1139],"tags":[],"vendi":[],"content_country":[29888,31836,31837],"class_list":["post-842775","post","type-post","status-publish","format-standard","has-post-thumbnail","hentry","category-euro-2025-de","category-lajme-jeta-ne-zvicer-de","category-leben-in-der-schweiz","category-sport","content_country-zvicer","content_country-austria-de","content_country-germany-de"],"acf":[],"_links":{"self":[{"href":"https:\/\/www.albinfo.at\/de\/wp-json\/wp\/v2\/posts\/842775","targetHints":{"allow":["GET"]}}],"collection":[{"href":"https:\/\/www.albinfo.at\/de\/wp-json\/wp\/v2\/posts"}],"about":[{"href":"https:\/\/www.albinfo.at\/de\/wp-json\/wp\/v2\/types\/post"}],"author":[{"embeddable":true,"href":"https:\/\/www.albinfo.at\/de\/wp-json\/wp\/v2\/users\/6"}],"replies":[{"embeddable":true,"href":"https:\/\/www.albinfo.at\/de\/wp-json\/wp\/v2\/comments?post=842775"}],"version-history":[{"count":1,"href":"https:\/\/www.albinfo.at\/de\/wp-json\/wp\/v2\/posts\/842775\/revisions"}],"predecessor-version":[{"id":842777,"href":"https:\/\/www.albinfo.at\/de\/wp-json\/wp\/v2\/posts\/842775\/revisions\/842777"}],"wp:featuredmedia":[{"embeddable":true,"href":"https:\/\/www.albinfo.at\/de\/wp-json\/wp\/v2\/media\/828435"}],"wp:attachment":[{"href":"https:\/\/www.albinfo.at\/de\/wp-json\/wp\/v2\/media?parent=842775"}],"wp:term":[{"taxonomy":"category","embeddable":true,"href":"https:\/\/www.albinfo.at\/de\/wp-json\/wp\/v2\/categories?post=842775"},{"taxonomy":"post_tag","embeddable":true,"href":"https:\/\/www.albinfo.at\/de\/wp-json\/wp\/v2\/tags?post=842775"},{"taxonomy":"vendi","embeddable":true,"href":"https:\/\/www.albinfo.at\/de\/wp-json\/wp\/v2\/vendi?post=842775"},{"taxonomy":"content_country","embeddable":true,"href":"https:\/\/www.albinfo.at\/de\/wp-json\/wp\/v2\/content_country?post=842775"}],"curies":[{"name":"wp","href":"https:\/\/api.w.org\/{rel}","templated":true}]}}