{"id":841761,"date":"2025-06-27T20:08:50","date_gmt":"2025-06-27T18:08:50","guid":{"rendered":"https:\/\/www.albinfo.ch\/?p=841761"},"modified":"2025-06-27T20:08:50","modified_gmt":"2025-06-27T18:08:50","slug":"riola-morina-zur-assistentin-an-der-universitaet-basel-ernannt","status":"publish","type":"post","link":"https:\/\/www.albinfo.at\/de\/riola-morina-zur-assistentin-an-der-universitaet-basel-ernannt\/","title":{"rendered":"Riola Morina zur Assistentin an der Universit\u00e4t Basel ernannt"},"content":{"rendered":"<p data-start=\"1416\" data-end=\"1659\">Ein besonderer akademischer Erfolg kommt aus Kamenica. Riola Morina wurde als Assistentin am Englischen Sprachwissenschaftlichen Institut einer der renommiertesten Universit\u00e4ten Europas, der Universit\u00e4t Basel, aufgenommen, schreibt albinfo.ch.<\/p>\n<p data-start=\"1661\" data-end=\"1872\">In ihrer neuen Rolle wird sie unter der Leitung von Prof. Dr. Miriam Locher, einer international anerkannten Pers\u00f6nlichkeit im Bereich der Pragmatik und sozialen Kommunikation, in Forschung und Lehre t\u00e4tig sein.<\/p>\n<p data-start=\"1874\" data-end=\"2237\">Riolas Arbeit wird akademische und forschungsbezogene Aufgaben umfassen, mit Schwerpunkt auf beruflicher und wissenschaftlicher Weiterentwicklung in einem fortschrittlichen internationalen Umfeld. Ihre Aufnahme in diese Institution unterstreicht erneut das Potenzial und die hohe Qualifikation junger Albanerinnen und Albaner im internationalen akademischen Raum.<\/p>\n<p data-start=\"2239\" data-end=\"2414\" data-is-last-node=\"\" data-is-only-node=\"\">Diese Ernennung stellt nicht nur einen pers\u00f6nlichen Erfolg f\u00fcr Morina dar, sondern auch einen Moment des Stolzes f\u00fcr die Gemeinschaft, aus der sie stammt.\/Albinfo.ch<\/p>\n","protected":false},"excerpt":{"rendered":"<p>Riola Morina startet ihre akademische Laufbahn an einer internationalen Universit\u00e4t in Basel<\/p>\n","protected":false},"author":6,"featured_media":841597,"comment_status":"closed","ping_status":"closed","sticky":false,"template":"","format":"standard","meta":{"footnotes":""},"categories":[23263,24636,1134,1135,3952,23262,24006,24631,1129,1133,1140],"tags":[],"vendi":[],"content_country":[29888,31836,31837],"class_list":["post-841761","post","type-post","status-publish","format-standard","has-post-thumbnail","hentry","category-kosova-de-2","category-nachrichten-de-4","category-integration","category-frauen","category-kosova-de","category-at-balkani-de","category-lajme-jeta-ne-zvicer-de","category-nachrichten-de-2","category-ch-balkan","category-e-diaspora-de","category-leben-in-der-schweiz","content_country-zvicer","content_country-austria-de","content_country-germany-de"],"acf":[],"_links":{"self":[{"href":"https:\/\/www.albinfo.at\/de\/wp-json\/wp\/v2\/posts\/841761","targetHints":{"allow":["GET"]}}],"collection":[{"href":"https:\/\/www.albinfo.at\/de\/wp-json\/wp\/v2\/posts"}],"about":[{"href":"https:\/\/www.albinfo.at\/de\/wp-json\/wp\/v2\/types\/post"}],"author":[{"embeddable":true,"href":"https:\/\/www.albinfo.at\/de\/wp-json\/wp\/v2\/users\/6"}],"replies":[{"embeddable":true,"href":"https:\/\/www.albinfo.at\/de\/wp-json\/wp\/v2\/comments?post=841761"}],"version-history":[{"count":1,"href":"https:\/\/www.albinfo.at\/de\/wp-json\/wp\/v2\/posts\/841761\/revisions"}],"predecessor-version":[{"id":841762,"href":"https:\/\/www.albinfo.at\/de\/wp-json\/wp\/v2\/posts\/841761\/revisions\/841762"}],"wp:featuredmedia":[{"embeddable":true,"href":"https:\/\/www.albinfo.at\/de\/wp-json\/wp\/v2\/media\/841597"}],"wp:attachment":[{"href":"https:\/\/www.albinfo.at\/de\/wp-json\/wp\/v2\/media?parent=841761"}],"wp:term":[{"taxonomy":"category","embeddable":true,"href":"https:\/\/www.albinfo.at\/de\/wp-json\/wp\/v2\/categories?post=841761"},{"taxonomy":"post_tag","embeddable":true,"href":"https:\/\/www.albinfo.at\/de\/wp-json\/wp\/v2\/tags?post=841761"},{"taxonomy":"vendi","embeddable":true,"href":"https:\/\/www.albinfo.at\/de\/wp-json\/wp\/v2\/vendi?post=841761"},{"taxonomy":"content_country","embeddable":true,"href":"https:\/\/www.albinfo.at\/de\/wp-json\/wp\/v2\/content_country?post=841761"}],"curies":[{"name":"wp","href":"https:\/\/api.w.org\/{rel}","templated":true}]}}