{"id":837960,"date":"2025-06-12T12:48:21","date_gmt":"2025-06-12T10:48:21","guid":{"rendered":"https:\/\/www.albinfo.ch\/?p=837960"},"modified":"2025-06-12T12:48:21","modified_gmt":"2025-06-12T10:48:21","slug":"kosovare-asllani-fuer-die-fussball-europameisterschaft-in-der-schweiz-nominiert","status":"publish","type":"post","link":"https:\/\/www.albinfo.at\/de\/kosovare-asllani-fuer-die-fussball-europameisterschaft-in-der-schweiz-nominiert\/","title":{"rendered":"Kosovare Asllani f\u00fcr die Fu\u00dfball-Europameisterschaft in der Schweiz nominiert"},"content":{"rendered":"<p data-start=\"896\" data-end=\"1075\">Die albanische Fu\u00dfballspielerin Kosovare Asllani wird Teil der schwedischen Nationalmannschaft bei der Fu\u00dfball-Europameisterschaft der Frauen sein, die in der Schweiz stattfindet.<\/p>\n<p data-start=\"1077\" data-end=\"1227\">Schweden hat den endg\u00fcltigen Kader f\u00fcr die EM bekannt gegeben, in dem auch die erfahrene Spielerin aus dem Kosovo enthalten ist, berichtet albinfo.ch.<\/p>\n<p data-start=\"1229\" data-end=\"1436\">Die 35-j\u00e4hrige Asllani geh\u00f6rt zu den erfahrensten Spielerinnen Schwedens und hat an bedeutenden Wettbewerben wie der Europameisterschaft, der Weltmeisterschaft und den Olympischen Sommerspielen teilgenommen.<\/p>\n<p data-start=\"1438\" data-end=\"1513\">Sie hat 196 L\u00e4nderspiele f\u00fcr Schweden bestritten und dabei 48 Tore erzielt.<\/p>\n<p data-start=\"1515\" data-end=\"1576\" data-is-last-node=\"\" data-is-only-node=\"\">Die Europameisterschaft findet vom 2. bis zum 27. Juli statt.<\/p>\n<p><iframe loading=\"lazy\" style=\"border: none; overflow: hidden;\" src=\"https:\/\/www.facebook.com\/plugins\/post.php?href=https%3A%2F%2Fwww.facebook.com%2Fsvenskfotboll%2Fposts%2F1154034666760376&amp;show_text=true&amp;width=500\" width=\"500\" height=\"615\" frameborder=\"0\" scrolling=\"no\" allowfullscreen=\"allowfullscreen\" data-mce-fragment=\"1\"><\/iframe><\/p>\n<p><iframe loading=\"lazy\" style=\"border: none; overflow: hidden;\" src=\"https:\/\/www.facebook.com\/plugins\/post.php?href=https%3A%2F%2Fwww.facebook.com%2Fsvenskfotboll%2Fposts%2F1154082290088947&amp;show_text=true&amp;width=500\" width=\"500\" height=\"670\" frameborder=\"0\" scrolling=\"no\" allowfullscreen=\"allowfullscreen\" data-mce-fragment=\"1\"><\/iframe><\/p>\n","protected":false},"excerpt":{"rendered":"<p>Schweden hat die endg\u00fcltige Liste f\u00fcr die Fu\u00dfball-Europameisterschaft der Frauen bekannt gegeben, die in der Schweiz stattfinden wird.<\/p>\n","protected":false},"author":6,"featured_media":828438,"comment_status":"closed","ping_status":"closed","sticky":false,"template":"","format":"standard","meta":{"footnotes":""},"categories":[4023,1139],"tags":[],"vendi":[],"content_country":[29888,31836,31837],"class_list":["post-837960","post","type-post","status-publish","format-standard","has-post-thumbnail","hentry","category-futboll-de","category-sport","content_country-zvicer","content_country-austria-de","content_country-germany-de"],"acf":[],"_links":{"self":[{"href":"https:\/\/www.albinfo.at\/de\/wp-json\/wp\/v2\/posts\/837960","targetHints":{"allow":["GET"]}}],"collection":[{"href":"https:\/\/www.albinfo.at\/de\/wp-json\/wp\/v2\/posts"}],"about":[{"href":"https:\/\/www.albinfo.at\/de\/wp-json\/wp\/v2\/types\/post"}],"author":[{"embeddable":true,"href":"https:\/\/www.albinfo.at\/de\/wp-json\/wp\/v2\/users\/6"}],"replies":[{"embeddable":true,"href":"https:\/\/www.albinfo.at\/de\/wp-json\/wp\/v2\/comments?post=837960"}],"version-history":[{"count":1,"href":"https:\/\/www.albinfo.at\/de\/wp-json\/wp\/v2\/posts\/837960\/revisions"}],"predecessor-version":[{"id":837961,"href":"https:\/\/www.albinfo.at\/de\/wp-json\/wp\/v2\/posts\/837960\/revisions\/837961"}],"wp:featuredmedia":[{"embeddable":true,"href":"https:\/\/www.albinfo.at\/de\/wp-json\/wp\/v2\/media\/828438"}],"wp:attachment":[{"href":"https:\/\/www.albinfo.at\/de\/wp-json\/wp\/v2\/media?parent=837960"}],"wp:term":[{"taxonomy":"category","embeddable":true,"href":"https:\/\/www.albinfo.at\/de\/wp-json\/wp\/v2\/categories?post=837960"},{"taxonomy":"post_tag","embeddable":true,"href":"https:\/\/www.albinfo.at\/de\/wp-json\/wp\/v2\/tags?post=837960"},{"taxonomy":"vendi","embeddable":true,"href":"https:\/\/www.albinfo.at\/de\/wp-json\/wp\/v2\/vendi?post=837960"},{"taxonomy":"content_country","embeddable":true,"href":"https:\/\/www.albinfo.at\/de\/wp-json\/wp\/v2\/content_country?post=837960"}],"curies":[{"name":"wp","href":"https:\/\/api.w.org\/{rel}","templated":true}]}}