{"id":835930,"date":"2025-06-04T22:42:10","date_gmt":"2025-06-04T20:42:10","guid":{"rendered":"https:\/\/www.albinfo.ch\/?p=835930"},"modified":"2025-06-04T22:42:10","modified_gmt":"2025-06-04T20:42:10","slug":"basel-dankt-taulant-xhaka","status":"publish","type":"post","link":"https:\/\/www.albinfo.at\/de\/basel-dankt-taulant-xhaka\/","title":{"rendered":"Basel dankt Taulant Xhaka"},"content":{"rendered":"<p data-start=\"1025\" data-end=\"1111\">Der FC Basel dankt Taulant Xhaka f\u00fcr seinen langj\u00e4hrigen Beitrag, schreibt albinfo.ch.<\/p>\n<p data-start=\"1113\" data-end=\"1185\">&#8220;Nach all den Jahren in Rot und Blau ist es an der Zeit, Danke zu sagen.<\/p>\n<p data-start=\"1187\" data-end=\"1502\">Du warst mehr als nur ein Spieler. Du warst ein K\u00e4mpfer, ein Anf\u00fchrer, jemand, der Spuren hinterlassen hat. Mit Leidenschaft, Engagement und unerm\u00fcdlichem Einsatz hast du den FC Basel gepr\u00e4gt\u00a0 auf und neben dem Platz. Du hast Titel gewonnen, Hindernisse \u00fcberwunden und dich stets f\u00fcr das rot-blaue Team eingesetzt.<\/p>\n<p data-start=\"1504\" data-end=\"1627\">Deine Loyalit\u00e4t und Identifikation mit dem Club werden f\u00fcr immer in Erinnerung bleiben. Du bist ein Basler durch und durch.<\/p>\n<p data-start=\"1629\" data-end=\"1718\">Danke f\u00fcr alles, Tauli. F\u00fcr die Emotionen, die Momente und deine unersch\u00fctterliche Treue.<\/p>\n<p data-start=\"1720\" data-end=\"1752\">Einmal rot-blau, immer rot-blau.<\/p>\n<p data-start=\"1754\" data-end=\"1781\">F\u00fcr immer unsere Nummer 34.<\/p>\n<p data-start=\"1783\" data-end=\"1869\" data-is-last-node=\"\" data-is-only-node=\"\">Dein FC Basel 1893&#8243;, berichtet der Dankesbrief, der auf Facebook ver\u00f6ffentlicht wurde.<\/p>\n","protected":false},"excerpt":{"rendered":"<p>&#8220;Du warst mehr als nur ein Spieler. Du warst ein K\u00e4mpfer, ein F\u00fchrer, jemand, der Spuren hinterlassen hat. \u201c<\/p>\n","protected":false},"author":6,"featured_media":833291,"comment_status":"closed","ping_status":"closed","sticky":false,"template":"","format":"standard","meta":{"footnotes":""},"categories":[4023,1139],"tags":[],"vendi":[],"content_country":[29888,31836,31837],"class_list":["post-835930","post","type-post","status-publish","format-standard","has-post-thumbnail","hentry","category-futboll-de","category-sport","content_country-zvicer","content_country-austria-de","content_country-germany-de"],"acf":[],"_links":{"self":[{"href":"https:\/\/www.albinfo.at\/de\/wp-json\/wp\/v2\/posts\/835930","targetHints":{"allow":["GET"]}}],"collection":[{"href":"https:\/\/www.albinfo.at\/de\/wp-json\/wp\/v2\/posts"}],"about":[{"href":"https:\/\/www.albinfo.at\/de\/wp-json\/wp\/v2\/types\/post"}],"author":[{"embeddable":true,"href":"https:\/\/www.albinfo.at\/de\/wp-json\/wp\/v2\/users\/6"}],"replies":[{"embeddable":true,"href":"https:\/\/www.albinfo.at\/de\/wp-json\/wp\/v2\/comments?post=835930"}],"version-history":[{"count":1,"href":"https:\/\/www.albinfo.at\/de\/wp-json\/wp\/v2\/posts\/835930\/revisions"}],"predecessor-version":[{"id":835934,"href":"https:\/\/www.albinfo.at\/de\/wp-json\/wp\/v2\/posts\/835930\/revisions\/835934"}],"wp:featuredmedia":[{"embeddable":true,"href":"https:\/\/www.albinfo.at\/de\/wp-json\/wp\/v2\/media\/833291"}],"wp:attachment":[{"href":"https:\/\/www.albinfo.at\/de\/wp-json\/wp\/v2\/media?parent=835930"}],"wp:term":[{"taxonomy":"category","embeddable":true,"href":"https:\/\/www.albinfo.at\/de\/wp-json\/wp\/v2\/categories?post=835930"},{"taxonomy":"post_tag","embeddable":true,"href":"https:\/\/www.albinfo.at\/de\/wp-json\/wp\/v2\/tags?post=835930"},{"taxonomy":"vendi","embeddable":true,"href":"https:\/\/www.albinfo.at\/de\/wp-json\/wp\/v2\/vendi?post=835930"},{"taxonomy":"content_country","embeddable":true,"href":"https:\/\/www.albinfo.at\/de\/wp-json\/wp\/v2\/content_country?post=835930"}],"curies":[{"name":"wp","href":"https:\/\/api.w.org\/{rel}","templated":true}]}}