{"id":833827,"date":"2025-05-27T15:23:56","date_gmt":"2025-05-27T13:23:56","guid":{"rendered":"https:\/\/www.albinfo.ch\/?p=833827"},"modified":"2025-05-27T15:23:56","modified_gmt":"2025-05-27T13:23:56","slug":"rinesa-schliesst-ihr-studium-in-der-schweiz-ab-und-wird-als-eine-der-besten-studentinnen-ihres-jahrgangs-ausgezeichnet","status":"publish","type":"post","link":"https:\/\/www.albinfo.at\/de\/rinesa-schliesst-ihr-studium-in-der-schweiz-ab-und-wird-als-eine-der-besten-studentinnen-ihres-jahrgangs-ausgezeichnet\/","title":{"rendered":"Rinesa schlie\u00dft ihr Studium in der Schweiz ab und wird als eine der besten Studentinnen ihres Jahrgangs ausgezeichnet"},"content":{"rendered":"<p data-start=\"2441\" data-end=\"2886\">Sie hei\u00dft Rinesa, stammt aus dem Kosovo, genauer gesagt aus der Stadt Gjilan, und hat k\u00fcrzlich einen bedeutenden akademischen Erfolg erzielt, indem sie mit hervorragenden Ergebnissen an der <em data-start=\"2755\" data-end=\"2775\">Webster University<\/em> in Genf, einer der renommiertesten Hochschulen der Schweiz, ihren Abschluss gemacht hat, berichtet albinfo.ch.<\/p>\n<p data-start=\"2888\" data-end=\"2918\">Doch das ist noch nicht alles!<\/p>\n<p data-start=\"2920\" data-end=\"3162\">Rinesa zeichnete sich w\u00e4hrend ihres Studiums durch ihre Leistungen und ihre Intelligenz aus. Deshalb haben Vertreter der <em data-start=\"3041\" data-end=\"3061\">Webster University<\/em> sie als eine der sechs besten Studentinnen des Jahrgangs ausgezeichnet, berichtet albinfo.ch weiter.<\/p>\n<p data-start=\"3164\" data-end=\"3391\">Diese hohe Anerkennung wurde ihr von den Professoren selbst ausgesprochen, da Rinesa in zwei Studieng\u00e4ngen gleichzeitig erfolgreich war und damit ihr au\u00dfergew\u00f6hnliches Engagement und akademisches Potenzial unter Beweis stellte.<\/p>\n<p data-start=\"3393\" data-end=\"3566\" data-is-last-node=\"\" data-is-only-node=\"\">Dies ist ein weiteres inspirierendes Beispiel f\u00fcr junge Menschen aus der Diaspora, die international ein hohes professionelles und intellektuelles Niveau zeigen. \/albinfo.ch<\/p>\n<p><a href=\"https:\/\/www.albinfo.ch\/wp-content\/uploads\/2025\/05\/img_0263.jpeg\"><img loading=\"lazy\" decoding=\"async\" class=\"alignnone wp-image-833689\" src=\"https:\/\/www.albinfo.ch\/wp-content\/uploads\/2025\/05\/img_0263.jpeg\" alt=\"\" width=\"500\" height=\"324\" srcset=\"https:\/\/www.albinfo.at\/wp-content\/uploads\/2025\/05\/img_0263.jpeg 739w, https:\/\/www.albinfo.at\/wp-content\/uploads\/2025\/05\/img_0263-300x194.jpeg 300w, https:\/\/www.albinfo.at\/wp-content\/uploads\/2025\/05\/img_0263-540x350.jpeg 540w, https:\/\/www.albinfo.at\/wp-content\/uploads\/2025\/05\/img_0263-87x56.jpeg 87w, https:\/\/www.albinfo.at\/wp-content\/uploads\/2025\/05\/img_0263-587x380.jpeg 587w, https:\/\/www.albinfo.at\/wp-content\/uploads\/2025\/05\/img_0263-154x100.jpeg 154w, https:\/\/www.albinfo.at\/wp-content\/uploads\/2025\/05\/img_0263-265x172.jpeg 265w\" sizes=\"auto, (max-width: 500px) 100vw, 500px\" \/><\/a><\/p>\n","protected":false},"excerpt":{"rendered":"<p>Die Webster-Universit\u00e4t w\u00fcrdigt das akademische Engagement von Rinesa Qerimi.<\/p>\n","protected":false},"author":6,"featured_media":833697,"comment_status":"closed","ping_status":"closed","sticky":false,"template":"","format":"standard","meta":{"footnotes":""},"categories":[23263,24636,1134,1135,3952,23262,24006,24631,1129,1133,1140],"tags":[],"vendi":[],"content_country":[29888,31836,31837],"class_list":["post-833827","post","type-post","status-publish","format-standard","has-post-thumbnail","hentry","category-kosova-de-2","category-nachrichten-de-4","category-integration","category-frauen","category-kosova-de","category-at-balkani-de","category-lajme-jeta-ne-zvicer-de","category-nachrichten-de-2","category-ch-balkan","category-e-diaspora-de","category-leben-in-der-schweiz","content_country-zvicer","content_country-austria-de","content_country-germany-de"],"acf":[],"_links":{"self":[{"href":"https:\/\/www.albinfo.at\/de\/wp-json\/wp\/v2\/posts\/833827","targetHints":{"allow":["GET"]}}],"collection":[{"href":"https:\/\/www.albinfo.at\/de\/wp-json\/wp\/v2\/posts"}],"about":[{"href":"https:\/\/www.albinfo.at\/de\/wp-json\/wp\/v2\/types\/post"}],"author":[{"embeddable":true,"href":"https:\/\/www.albinfo.at\/de\/wp-json\/wp\/v2\/users\/6"}],"replies":[{"embeddable":true,"href":"https:\/\/www.albinfo.at\/de\/wp-json\/wp\/v2\/comments?post=833827"}],"version-history":[{"count":1,"href":"https:\/\/www.albinfo.at\/de\/wp-json\/wp\/v2\/posts\/833827\/revisions"}],"predecessor-version":[{"id":833829,"href":"https:\/\/www.albinfo.at\/de\/wp-json\/wp\/v2\/posts\/833827\/revisions\/833829"}],"wp:featuredmedia":[{"embeddable":true,"href":"https:\/\/www.albinfo.at\/de\/wp-json\/wp\/v2\/media\/833697"}],"wp:attachment":[{"href":"https:\/\/www.albinfo.at\/de\/wp-json\/wp\/v2\/media?parent=833827"}],"wp:term":[{"taxonomy":"category","embeddable":true,"href":"https:\/\/www.albinfo.at\/de\/wp-json\/wp\/v2\/categories?post=833827"},{"taxonomy":"post_tag","embeddable":true,"href":"https:\/\/www.albinfo.at\/de\/wp-json\/wp\/v2\/tags?post=833827"},{"taxonomy":"vendi","embeddable":true,"href":"https:\/\/www.albinfo.at\/de\/wp-json\/wp\/v2\/vendi?post=833827"},{"taxonomy":"content_country","embeddable":true,"href":"https:\/\/www.albinfo.at\/de\/wp-json\/wp\/v2\/content_country?post=833827"}],"curies":[{"name":"wp","href":"https:\/\/api.w.org\/{rel}","templated":true}]}}