{"id":832984,"date":"2025-05-24T17:07:54","date_gmt":"2025-05-24T15:07:54","guid":{"rendered":"https:\/\/www.albinfo.ch\/?p=832984"},"modified":"2025-05-24T17:07:54","modified_gmt":"2025-05-24T15:07:54","slug":"rrahmani-italienischer-meister-mit-neapel","status":"publish","type":"post","link":"https:\/\/www.albinfo.at\/de\/rrahmani-italienischer-meister-mit-neapel\/","title":{"rendered":"Rrahmani, Italienischer Meister mit Neapel"},"content":{"rendered":"<p data-start=\"158\" data-end=\"234\">Mit Neapel wurde Rrahmani soeben italienischer Meister, schreibt albinfo.ch.<\/p>\n<p data-start=\"236\" data-end=\"344\">Neapel gewann mit 2:0 gegen Cagliari, wobei Rrahmani die Vorlage zum zweiten Tor von Romelu Lukaku lieferte.<\/p>\n<p data-start=\"346\" data-end=\"431\">Neapel beendete die Saison mit 82 Punkten, einem mehr als Inter mit Kristjan Asllani.<\/p>\n<p data-start=\"433\" data-end=\"549\">Rrahmani war ein fester Bestandteil des Erfolgs von Neapel und spielte in jeder Partie der Serie A als Stammspieler.<\/p>\n<p data-start=\"551\" data-end=\"686\">F\u00fcr Rrahmani ist es der zweite Titel mit Neapel in Italien, w\u00e4hrend es der vierte Meistertitel in der Vereinsgeschichte von Neapel ist.<\/p>\n","protected":false},"excerpt":{"rendered":"<p>Ein weiterer au\u00dfergew\u00f6hnlicher Meilenstein f\u00fcr den Kapit\u00e4n des Kosovo.<\/p>\n","protected":false},"author":6,"featured_media":632519,"comment_status":"closed","ping_status":"closed","sticky":false,"template":"","format":"standard","meta":{"footnotes":""},"categories":[4023,1139],"tags":[],"vendi":[],"content_country":[29888,31836,31837],"class_list":["post-832984","post","type-post","status-publish","format-standard","has-post-thumbnail","hentry","category-futboll-de","category-sport","content_country-zvicer","content_country-austria-de","content_country-germany-de"],"acf":[],"_links":{"self":[{"href":"https:\/\/www.albinfo.at\/de\/wp-json\/wp\/v2\/posts\/832984","targetHints":{"allow":["GET"]}}],"collection":[{"href":"https:\/\/www.albinfo.at\/de\/wp-json\/wp\/v2\/posts"}],"about":[{"href":"https:\/\/www.albinfo.at\/de\/wp-json\/wp\/v2\/types\/post"}],"author":[{"embeddable":true,"href":"https:\/\/www.albinfo.at\/de\/wp-json\/wp\/v2\/users\/6"}],"replies":[{"embeddable":true,"href":"https:\/\/www.albinfo.at\/de\/wp-json\/wp\/v2\/comments?post=832984"}],"version-history":[{"count":1,"href":"https:\/\/www.albinfo.at\/de\/wp-json\/wp\/v2\/posts\/832984\/revisions"}],"predecessor-version":[{"id":832985,"href":"https:\/\/www.albinfo.at\/de\/wp-json\/wp\/v2\/posts\/832984\/revisions\/832985"}],"wp:featuredmedia":[{"embeddable":true,"href":"https:\/\/www.albinfo.at\/de\/wp-json\/wp\/v2\/media\/632519"}],"wp:attachment":[{"href":"https:\/\/www.albinfo.at\/de\/wp-json\/wp\/v2\/media?parent=832984"}],"wp:term":[{"taxonomy":"category","embeddable":true,"href":"https:\/\/www.albinfo.at\/de\/wp-json\/wp\/v2\/categories?post=832984"},{"taxonomy":"post_tag","embeddable":true,"href":"https:\/\/www.albinfo.at\/de\/wp-json\/wp\/v2\/tags?post=832984"},{"taxonomy":"vendi","embeddable":true,"href":"https:\/\/www.albinfo.at\/de\/wp-json\/wp\/v2\/vendi?post=832984"},{"taxonomy":"content_country","embeddable":true,"href":"https:\/\/www.albinfo.at\/de\/wp-json\/wp\/v2\/content_country?post=832984"}],"curies":[{"name":"wp","href":"https:\/\/api.w.org\/{rel}","templated":true}]}}