{"id":832590,"date":"2025-05-22T23:00:27","date_gmt":"2025-05-22T21:00:27","guid":{"rendered":"https:\/\/www.albinfo.ch\/?p=832590"},"modified":"2025-05-22T23:00:27","modified_gmt":"2025-05-22T21:00:27","slug":"praesidentin-osmani-und-praesidentin-keller-sutter-besuchten-das-stadler-werk","status":"publish","type":"post","link":"https:\/\/www.albinfo.at\/de\/praesidentin-osmani-und-praesidentin-keller-sutter-besuchten-das-stadler-werk\/","title":{"rendered":"Pr\u00e4sidentin Osmani und Pr\u00e4sidentin Keller-Sutter besuchten das Stadler-Werk"},"content":{"rendered":"<p class=\"p1\">Heute empfing Stadler in Bussnang hochrangige G\u00e4ste\u00a0 die Pr\u00e4sidentin der Republik Kosovo, Vjosa Osmani, und die Schweizer Bundespr\u00e4sidentin Karin Keller-Sutter, berichtet albinfo.ch.<\/p>\n<p><a href=\"https:\/\/www.albinfo.ch\/wp-content\/uploads\/2025\/05\/img_0200.jpeg\"><img loading=\"lazy\" decoding=\"async\" class=\"alignnone wp-image-832465\" src=\"https:\/\/www.albinfo.ch\/wp-content\/uploads\/2025\/05\/img_0200.jpeg\" alt=\"\" width=\"500\" height=\"334\" srcset=\"https:\/\/www.albinfo.at\/wp-content\/uploads\/2025\/05\/img_0200.jpeg 800w, https:\/\/www.albinfo.at\/wp-content\/uploads\/2025\/05\/img_0200-300x200.jpeg 300w, https:\/\/www.albinfo.at\/wp-content\/uploads\/2025\/05\/img_0200-768x513.jpeg 768w, https:\/\/www.albinfo.at\/wp-content\/uploads\/2025\/05\/img_0200-210x141.jpeg 210w, https:\/\/www.albinfo.at\/wp-content\/uploads\/2025\/05\/img_0200-587x392.jpeg 587w, https:\/\/www.albinfo.at\/wp-content\/uploads\/2025\/05\/img_0200-150x100.jpeg 150w, https:\/\/www.albinfo.at\/wp-content\/uploads\/2025\/05\/img_0200-262x175.jpeg 262w\" sizes=\"auto, (max-width: 500px) 100vw, 500px\" \/><\/a><\/p>\n<p class=\"p1\">Empfangen wurden sie vom Pr\u00e4sidenten der Thurgauer Kantonsregierung, Walter Sch\u00f6nholzer, dem Verwaltungsratspr\u00e4sidenten von Stadler, Peter Spuhler, sowie dem stellvertretenden CEO der Stadler-Gruppe, Ansgar Brockmeyer<\/p>\n<p><a href=\"https:\/\/www.albinfo.ch\/wp-content\/uploads\/2025\/05\/img_0201.jpeg\"><img loading=\"lazy\" decoding=\"async\" class=\"alignnone wp-image-832468\" src=\"https:\/\/www.albinfo.ch\/wp-content\/uploads\/2025\/05\/img_0201.jpeg\" alt=\"\" width=\"500\" height=\"375\" srcset=\"https:\/\/www.albinfo.at\/wp-content\/uploads\/2025\/05\/img_0201.jpeg 800w, https:\/\/www.albinfo.at\/wp-content\/uploads\/2025\/05\/img_0201-300x225.jpeg 300w, https:\/\/www.albinfo.at\/wp-content\/uploads\/2025\/05\/img_0201-768x576.jpeg 768w, https:\/\/www.albinfo.at\/wp-content\/uploads\/2025\/05\/img_0201-528x396.jpeg 528w, https:\/\/www.albinfo.at\/wp-content\/uploads\/2025\/05\/img_0201-133x100.jpeg 133w, https:\/\/www.albinfo.at\/wp-content\/uploads\/2025\/05\/img_0201-233x175.jpeg 233w\" sizes=\"auto, (max-width: 500px) 100vw, 500px\" \/><\/a><\/p>\n<p class=\"p1\">Im Zentrum des Besuchs standen innovative Antriebsl\u00f6sungen. Stadler ist ein globaler Marktf\u00fchrer im Bereich alternativer Antriebe\u00a0 50 Prozent aller Schienenfahrzeuge mit alternativen Antrieben in Europa stammen von Stadler. Wasserstoff- und Batteriez\u00fcge ersetzen in vielen L\u00e4ndern zunehmend \u00e4ltere Dieselz\u00fcge und erm\u00f6glichen eine nachhaltige Mobilit\u00e4t ohne CO2-Emissionen.<\/p>\n<p><a href=\"https:\/\/www.albinfo.ch\/wp-content\/uploads\/2025\/05\/img_0202.jpeg\"><img loading=\"lazy\" decoding=\"async\" class=\"alignnone wp-image-832472\" src=\"https:\/\/www.albinfo.ch\/wp-content\/uploads\/2025\/05\/img_0202.jpeg\" alt=\"\" width=\"500\" height=\"334\" srcset=\"https:\/\/www.albinfo.at\/wp-content\/uploads\/2025\/05\/img_0202.jpeg 800w, https:\/\/www.albinfo.at\/wp-content\/uploads\/2025\/05\/img_0202-300x200.jpeg 300w, https:\/\/www.albinfo.at\/wp-content\/uploads\/2025\/05\/img_0202-768x513.jpeg 768w, https:\/\/www.albinfo.at\/wp-content\/uploads\/2025\/05\/img_0202-210x141.jpeg 210w, https:\/\/www.albinfo.at\/wp-content\/uploads\/2025\/05\/img_0202-587x392.jpeg 587w, https:\/\/www.albinfo.at\/wp-content\/uploads\/2025\/05\/img_0202-150x100.jpeg 150w, https:\/\/www.albinfo.at\/wp-content\/uploads\/2025\/05\/img_0202-262x175.jpeg 262w\" sizes=\"auto, (max-width: 500px) 100vw, 500px\" \/><\/a><\/p>\n<p data-start=\"141\" data-end=\"447\">Ein weiterer bedeutender Moment war der Besuch im Lehrlingsseminar. Die Auszubildenden hatten die M\u00f6glichkeit, der Pr\u00e4sidentin der Republik Kosovo einen Einblick in das duale Bildungssystem der Schweiz zu geben. Mit fast 300 Lernenden in der Schweiz investiert Stadler gezielt in die Fachkr\u00e4fte von morgen.<\/p>\n<p data-start=\"449\" data-end=\"854\" data-is-last-node=\"\" data-is-only-node=\"\">\u201eWir m\u00f6chten unseren G\u00e4sten f\u00fcr den inspirierenden Austausch und ihr gro\u00dfes Interesse an den nachhaltigen Schienenfahrzeugen von Stadler sowie an der Schweiz als Industrie und Produktionsstandort danken. Solche Begegnungen zeigen, wie wichtig Innovation, Bildung und internationale Zusammenarbeit f\u00fcr die Mobilit\u00e4t der Zukunft sind\u201c, sagte Peter Spuhler, Verwaltungsratspr\u00e4sident von Stadler. \/Albinfo.ch<\/p>\n<p><a href=\"https:\/\/www.linkedin.com\/posts\/stadler-rail_stadlerrail-kosovo-innovation-activity-7331281309295595520-u3ZS?utm_source=share&amp;utm_medium=member_desktop&amp;rcm=ACoAABLn7j0BB3xSON4-jfvkZINa9oqDRj86FyY\">FOTO<\/a><\/p>\n<p>&nbsp;<\/p>\n<p>&nbsp;<\/p>\n<p>&nbsp;<\/p>\n<p>&nbsp;<\/p>\n","protected":false},"excerpt":{"rendered":"<p>Vizit\u00eb presidenciale n\u00eb Stadler<\/p>\n","protected":false},"author":6,"featured_media":832477,"comment_status":"closed","ping_status":"closed","sticky":false,"template":"","format":"standard","meta":{"footnotes":""},"categories":[23263,24636,3952,23262,24006,24631,1129,1133,1140],"tags":[],"vendi":[],"content_country":[29888,31836,31837],"class_list":["post-832590","post","type-post","status-publish","format-standard","has-post-thumbnail","hentry","category-kosova-de-2","category-nachrichten-de-4","category-kosova-de","category-at-balkani-de","category-lajme-jeta-ne-zvicer-de","category-nachrichten-de-2","category-ch-balkan","category-e-diaspora-de","category-leben-in-der-schweiz","content_country-zvicer","content_country-austria-de","content_country-germany-de"],"acf":[],"_links":{"self":[{"href":"https:\/\/www.albinfo.at\/de\/wp-json\/wp\/v2\/posts\/832590","targetHints":{"allow":["GET"]}}],"collection":[{"href":"https:\/\/www.albinfo.at\/de\/wp-json\/wp\/v2\/posts"}],"about":[{"href":"https:\/\/www.albinfo.at\/de\/wp-json\/wp\/v2\/types\/post"}],"author":[{"embeddable":true,"href":"https:\/\/www.albinfo.at\/de\/wp-json\/wp\/v2\/users\/6"}],"replies":[{"embeddable":true,"href":"https:\/\/www.albinfo.at\/de\/wp-json\/wp\/v2\/comments?post=832590"}],"version-history":[{"count":1,"href":"https:\/\/www.albinfo.at\/de\/wp-json\/wp\/v2\/posts\/832590\/revisions"}],"predecessor-version":[{"id":832591,"href":"https:\/\/www.albinfo.at\/de\/wp-json\/wp\/v2\/posts\/832590\/revisions\/832591"}],"wp:featuredmedia":[{"embeddable":true,"href":"https:\/\/www.albinfo.at\/de\/wp-json\/wp\/v2\/media\/832477"}],"wp:attachment":[{"href":"https:\/\/www.albinfo.at\/de\/wp-json\/wp\/v2\/media?parent=832590"}],"wp:term":[{"taxonomy":"category","embeddable":true,"href":"https:\/\/www.albinfo.at\/de\/wp-json\/wp\/v2\/categories?post=832590"},{"taxonomy":"post_tag","embeddable":true,"href":"https:\/\/www.albinfo.at\/de\/wp-json\/wp\/v2\/tags?post=832590"},{"taxonomy":"vendi","embeddable":true,"href":"https:\/\/www.albinfo.at\/de\/wp-json\/wp\/v2\/vendi?post=832590"},{"taxonomy":"content_country","embeddable":true,"href":"https:\/\/www.albinfo.at\/de\/wp-json\/wp\/v2\/content_country?post=832590"}],"curies":[{"name":"wp","href":"https:\/\/api.w.org\/{rel}","templated":true}]}}