{"id":832536,"date":"2025-05-22T17:01:36","date_gmt":"2025-05-22T15:01:36","guid":{"rendered":"https:\/\/www.albinfo.ch\/?p=832536"},"modified":"2025-05-22T17:01:36","modified_gmt":"2025-05-22T15:01:36","slug":"xhaka-und-jashari-fuer-die-nordamerika-tour-nominiert","status":"publish","type":"post","link":"https:\/\/www.albinfo.at\/de\/xhaka-und-jashari-fuer-die-nordamerika-tour-nominiert\/","title":{"rendered":"Xhaka und Jashari f\u00fcr die Nordamerika-Tour nominiert"},"content":{"rendered":"<p data-start=\"196\" data-end=\"288\">Im Juni bestreitet die Schweizer Nationalmannschaft zwei Freundschaftsspiele in Nordamerika.<\/p>\n<p data-start=\"290\" data-end=\"412\">Am 7. Juni trifft die Schweiz auf Mexiko, am 11. Juni folgt das Spiel gegen die Vereinigten Staaten, berichtet albinfo.ch.<\/p>\n<p data-start=\"414\" data-end=\"520\">Nationaltrainer Murat Yakin hat auf erfahrene Spieler gesetzt und sie f\u00fcr diese beiden Partien einberufen.<\/p>\n<p data-start=\"522\" data-end=\"601\">In der Liste der 26 Spieler stehen auch Kapit\u00e4n Granit Xhaka und Ardon Jashari.<\/p>\n<p data-start=\"603\" data-end=\"661\">Trotz Spekulationen wurde Xherdan Shaqiri nicht nominiert.<\/p>\n<hr data-start=\"663\" data-end=\"666\" \/>\n<p><a href=\"https:\/\/www.albinfo.ch\/wp-content\/uploads\/2025\/05\/500513148_18459442261078731_1660758007149469009_n.jpg\"><img loading=\"lazy\" decoding=\"async\" class=\"alignnone wp-image-832422\" src=\"https:\/\/www.albinfo.ch\/wp-content\/uploads\/2025\/05\/500513148_18459442261078731_1660758007149469009_n.jpg\" alt=\"\" width=\"500\" height=\"625\" srcset=\"https:\/\/www.albinfo.at\/wp-content\/uploads\/2025\/05\/500513148_18459442261078731_1660758007149469009_n.jpg 1350w, https:\/\/www.albinfo.at\/wp-content\/uploads\/2025\/05\/500513148_18459442261078731_1660758007149469009_n-240x300.jpg 240w, https:\/\/www.albinfo.at\/wp-content\/uploads\/2025\/05\/500513148_18459442261078731_1660758007149469009_n-819x1024.jpg 819w, https:\/\/www.albinfo.at\/wp-content\/uploads\/2025\/05\/500513148_18459442261078731_1660758007149469009_n-768x960.jpg 768w, https:\/\/www.albinfo.at\/wp-content\/uploads\/2025\/05\/500513148_18459442261078731_1660758007149469009_n-1228x1536.jpg 1228w, https:\/\/www.albinfo.at\/wp-content\/uploads\/2025\/05\/500513148_18459442261078731_1660758007149469009_n-317x396.jpg 317w, https:\/\/www.albinfo.at\/wp-content\/uploads\/2025\/05\/500513148_18459442261078731_1660758007149469009_n-80x100.jpg 80w, https:\/\/www.albinfo.at\/wp-content\/uploads\/2025\/05\/500513148_18459442261078731_1660758007149469009_n-140x175.jpg 140w\" sizes=\"auto, (max-width: 500px) 100vw, 500px\" \/><\/a><\/p>\n","protected":false},"excerpt":{"rendered":"<p>Zvicra do t\u00eb luaj\u00eb miq\u00ebsore me Meksik\u00ebn dhe Shtetet e Bashkuara t\u00eb Amerik\u00ebs<\/p>\n","protected":false},"author":6,"featured_media":608373,"comment_status":"closed","ping_status":"closed","sticky":false,"template":"","format":"standard","meta":{"footnotes":""},"categories":[4023,1139],"tags":[],"vendi":[],"content_country":[29888,31836,31837],"class_list":["post-832536","post","type-post","status-publish","format-standard","has-post-thumbnail","hentry","category-futboll-de","category-sport","content_country-zvicer","content_country-austria-de","content_country-germany-de"],"acf":[],"_links":{"self":[{"href":"https:\/\/www.albinfo.at\/de\/wp-json\/wp\/v2\/posts\/832536","targetHints":{"allow":["GET"]}}],"collection":[{"href":"https:\/\/www.albinfo.at\/de\/wp-json\/wp\/v2\/posts"}],"about":[{"href":"https:\/\/www.albinfo.at\/de\/wp-json\/wp\/v2\/types\/post"}],"author":[{"embeddable":true,"href":"https:\/\/www.albinfo.at\/de\/wp-json\/wp\/v2\/users\/6"}],"replies":[{"embeddable":true,"href":"https:\/\/www.albinfo.at\/de\/wp-json\/wp\/v2\/comments?post=832536"}],"version-history":[{"count":1,"href":"https:\/\/www.albinfo.at\/de\/wp-json\/wp\/v2\/posts\/832536\/revisions"}],"predecessor-version":[{"id":832537,"href":"https:\/\/www.albinfo.at\/de\/wp-json\/wp\/v2\/posts\/832536\/revisions\/832537"}],"wp:featuredmedia":[{"embeddable":true,"href":"https:\/\/www.albinfo.at\/de\/wp-json\/wp\/v2\/media\/608373"}],"wp:attachment":[{"href":"https:\/\/www.albinfo.at\/de\/wp-json\/wp\/v2\/media?parent=832536"}],"wp:term":[{"taxonomy":"category","embeddable":true,"href":"https:\/\/www.albinfo.at\/de\/wp-json\/wp\/v2\/categories?post=832536"},{"taxonomy":"post_tag","embeddable":true,"href":"https:\/\/www.albinfo.at\/de\/wp-json\/wp\/v2\/tags?post=832536"},{"taxonomy":"vendi","embeddable":true,"href":"https:\/\/www.albinfo.at\/de\/wp-json\/wp\/v2\/vendi?post=832536"},{"taxonomy":"content_country","embeddable":true,"href":"https:\/\/www.albinfo.at\/de\/wp-json\/wp\/v2\/content_country?post=832536"}],"curies":[{"name":"wp","href":"https:\/\/api.w.org\/{rel}","templated":true}]}}