{"id":832498,"date":"2025-05-22T15:26:20","date_gmt":"2025-05-22T13:26:20","guid":{"rendered":"https:\/\/www.albinfo.ch\/?p=832498"},"modified":"2025-05-22T15:26:20","modified_gmt":"2025-05-22T13:26:20","slug":"xherdan-shaqiri-nahm-gestern-abend-am-staatsdinner-mit-praesidentin-osmani-in-der-schweiz-teil","status":"publish","type":"post","link":"https:\/\/www.albinfo.at\/de\/xherdan-shaqiri-nahm-gestern-abend-am-staatsdinner-mit-praesidentin-osmani-in-der-schweiz-teil\/","title":{"rendered":"Xherdan Shaqiri nahm gestern Abend am Staatsdinner mit Pr\u00e4sidentin Osmani in der Schweiz teil"},"content":{"rendered":"<p data-start=\"99\" data-end=\"259\">Fu\u00dfballspieler Xherdan Shaqiri hat sich gestern Abend Pr\u00e4sidentin Vjosa Osmani beim offiziellen Staatsdinner in der Schweiz angeschlossen, berichtet albinfo.ch.<\/p>\n<p data-start=\"261\" data-end=\"440\">Er war Teilnehmer des Staatsdinners, das von der Pr\u00e4sidentin der Schweizerischen Eidgenossenschaft, Karin Keller-Sutter, anl\u00e4sslich des Besuchs von Vjosa Osmani organisiert wurde.<\/p>\n<p data-start=\"442\" data-end=\"521\">Sein Treffen mit der Pr\u00e4sidentin der Republik Kosovo war ein bewegender Moment.<\/p>\n<p data-start=\"523\" data-end=\"655\" data-is-last-node=\"\" data-is-only-node=\"\">Osmani befindet sich auf einem offiziellen Besuch in der Schweiz, wo sie mit h\u00f6chsten staatlichen Ehren empfangen wurde. \/Albinfo.ch<\/p>\n","protected":false},"excerpt":{"rendered":"<p>Futbollisti shqiptar, Xherdan Shaqiri ishte pjes\u00ebmarr\u00ebs n\u00eb Dark\u00ebn Shtet\u00ebrore t\u00eb organizuar nga presidentja e Zvicr\u00ebs, Karin Keller-Sutter, me rastin e vizit\u00ebs s\u00eb Vjosa Osmanit <\/p>\n","protected":false},"author":6,"featured_media":832255,"comment_status":"closed","ping_status":"closed","sticky":false,"template":"","format":"standard","meta":{"footnotes":""},"categories":[23263,24636,3952,23262,24006,24631,1129,1133,1140],"tags":[],"vendi":[],"content_country":[29888,31836,31837],"class_list":["post-832498","post","type-post","status-publish","format-standard","has-post-thumbnail","hentry","category-kosova-de-2","category-nachrichten-de-4","category-kosova-de","category-at-balkani-de","category-lajme-jeta-ne-zvicer-de","category-nachrichten-de-2","category-ch-balkan","category-e-diaspora-de","category-leben-in-der-schweiz","content_country-zvicer","content_country-austria-de","content_country-germany-de"],"acf":[],"_links":{"self":[{"href":"https:\/\/www.albinfo.at\/de\/wp-json\/wp\/v2\/posts\/832498","targetHints":{"allow":["GET"]}}],"collection":[{"href":"https:\/\/www.albinfo.at\/de\/wp-json\/wp\/v2\/posts"}],"about":[{"href":"https:\/\/www.albinfo.at\/de\/wp-json\/wp\/v2\/types\/post"}],"author":[{"embeddable":true,"href":"https:\/\/www.albinfo.at\/de\/wp-json\/wp\/v2\/users\/6"}],"replies":[{"embeddable":true,"href":"https:\/\/www.albinfo.at\/de\/wp-json\/wp\/v2\/comments?post=832498"}],"version-history":[{"count":1,"href":"https:\/\/www.albinfo.at\/de\/wp-json\/wp\/v2\/posts\/832498\/revisions"}],"predecessor-version":[{"id":832499,"href":"https:\/\/www.albinfo.at\/de\/wp-json\/wp\/v2\/posts\/832498\/revisions\/832499"}],"wp:featuredmedia":[{"embeddable":true,"href":"https:\/\/www.albinfo.at\/de\/wp-json\/wp\/v2\/media\/832255"}],"wp:attachment":[{"href":"https:\/\/www.albinfo.at\/de\/wp-json\/wp\/v2\/media?parent=832498"}],"wp:term":[{"taxonomy":"category","embeddable":true,"href":"https:\/\/www.albinfo.at\/de\/wp-json\/wp\/v2\/categories?post=832498"},{"taxonomy":"post_tag","embeddable":true,"href":"https:\/\/www.albinfo.at\/de\/wp-json\/wp\/v2\/tags?post=832498"},{"taxonomy":"vendi","embeddable":true,"href":"https:\/\/www.albinfo.at\/de\/wp-json\/wp\/v2\/vendi?post=832498"},{"taxonomy":"content_country","embeddable":true,"href":"https:\/\/www.albinfo.at\/de\/wp-json\/wp\/v2\/content_country?post=832498"}],"curies":[{"name":"wp","href":"https:\/\/api.w.org\/{rel}","templated":true}]}}