{"id":832490,"date":"2025-05-22T15:15:11","date_gmt":"2025-05-22T13:15:11","guid":{"rendered":"https:\/\/www.albinfo.ch\/?p=832490"},"modified":"2025-05-23T09:51:51","modified_gmt":"2025-05-23T07:51:51","slug":"osmani-setzt-ihren-zweiten-tag-des-offiziellen-besuchs-in-der-schweiz-fort","status":"publish","type":"post","link":"https:\/\/www.albinfo.at\/de\/osmani-setzt-ihren-zweiten-tag-des-offiziellen-besuchs-in-der-schweiz-fort\/","title":{"rendered":"Osmani setzt ihren zweiten Tag des offiziellen Besuchs in der Schweiz fort"},"content":{"rendered":"<p data-start=\"80\" data-end=\"320\">Die Pr\u00e4sidentin des Kosovo, Vjosa Osmani, setzt heute ihren offiziellen Besuch in der Schweiz fort. Ihr Aufenthalt erfolgt im Rahmen eines zweit\u00e4gigen Besuchsprogramms auf Einladung der Pr\u00e4sidentin Karin Keller-Sutter, schreibt albinfo.ch.<\/p>\n<p data-start=\"322\" data-end=\"455\">Nach einem ersten Tag voller offizieller Treffen und Veranstaltungen ist Pr\u00e4sidentin Osmani bereit, ihr Besuchsprogramm fortzusetzen.<\/p>\n<p data-start=\"457\" data-end=\"695\">Im weiteren Verlauf ihres Besuchs werden Pr\u00e4sidentin Osmani und Pr\u00e4sidentin Keller-Sutter ein Produktionsunternehmen in der Ostschweiz sowie das Innovationszentrum SQUARE der Universit\u00e4t St. Gallen besichtigen, schreibt albinfo.ch weiter.<\/p>\n<p data-start=\"697\" data-end=\"820\" data-is-last-node=\"\" data-is-only-node=\"\">In Genf wird Osmani zudem ein Treffen mit der albanischen Diaspora haben, die in der Schweiz lebt und arbeitet. \/Albinfo.ch<\/p>\n","protected":false},"excerpt":{"rendered":"<p>Pr\u00e4sidentin des Kosovo, Vjosa Osman ,am zweiten Tag ihres Besuchs in der Schweiz wird die i, ihre Termine fortsetzen und an mehreren Veranstaltungen teilnehmen.<\/p>\n","protected":false},"author":6,"featured_media":832250,"comment_status":"closed","ping_status":"closed","sticky":false,"template":"","format":"standard","meta":{"footnotes":""},"categories":[23263,24636,3952,23262,24006,24631,1129,1133,1140],"tags":[],"vendi":[],"content_country":[29888,31836,31837],"class_list":["post-832490","post","type-post","status-publish","format-standard","has-post-thumbnail","hentry","category-kosova-de-2","category-nachrichten-de-4","category-kosova-de","category-at-balkani-de","category-lajme-jeta-ne-zvicer-de","category-nachrichten-de-2","category-ch-balkan","category-e-diaspora-de","category-leben-in-der-schweiz","content_country-zvicer","content_country-austria-de","content_country-germany-de"],"acf":[],"_links":{"self":[{"href":"https:\/\/www.albinfo.at\/de\/wp-json\/wp\/v2\/posts\/832490","targetHints":{"allow":["GET"]}}],"collection":[{"href":"https:\/\/www.albinfo.at\/de\/wp-json\/wp\/v2\/posts"}],"about":[{"href":"https:\/\/www.albinfo.at\/de\/wp-json\/wp\/v2\/types\/post"}],"author":[{"embeddable":true,"href":"https:\/\/www.albinfo.at\/de\/wp-json\/wp\/v2\/users\/6"}],"replies":[{"embeddable":true,"href":"https:\/\/www.albinfo.at\/de\/wp-json\/wp\/v2\/comments?post=832490"}],"version-history":[{"count":2,"href":"https:\/\/www.albinfo.at\/de\/wp-json\/wp\/v2\/posts\/832490\/revisions"}],"predecessor-version":[{"id":832653,"href":"https:\/\/www.albinfo.at\/de\/wp-json\/wp\/v2\/posts\/832490\/revisions\/832653"}],"wp:featuredmedia":[{"embeddable":true,"href":"https:\/\/www.albinfo.at\/de\/wp-json\/wp\/v2\/media\/832250"}],"wp:attachment":[{"href":"https:\/\/www.albinfo.at\/de\/wp-json\/wp\/v2\/media?parent=832490"}],"wp:term":[{"taxonomy":"category","embeddable":true,"href":"https:\/\/www.albinfo.at\/de\/wp-json\/wp\/v2\/categories?post=832490"},{"taxonomy":"post_tag","embeddable":true,"href":"https:\/\/www.albinfo.at\/de\/wp-json\/wp\/v2\/tags?post=832490"},{"taxonomy":"vendi","embeddable":true,"href":"https:\/\/www.albinfo.at\/de\/wp-json\/wp\/v2\/vendi?post=832490"},{"taxonomy":"content_country","embeddable":true,"href":"https:\/\/www.albinfo.at\/de\/wp-json\/wp\/v2\/content_country?post=832490"}],"curies":[{"name":"wp","href":"https:\/\/api.w.org\/{rel}","templated":true}]}}