{"id":832025,"date":"2025-05-21T13:51:56","date_gmt":"2025-05-21T11:51:56","guid":{"rendered":"https:\/\/www.albinfo.ch\/?p=832025"},"modified":"2025-05-21T13:51:56","modified_gmt":"2025-05-21T11:51:56","slug":"kololli-ist-der-spieler-der-woche-in-der-schweiz","status":"publish","type":"post","link":"https:\/\/www.albinfo.at\/de\/kololli-ist-der-spieler-der-woche-in-der-schweiz\/","title":{"rendered":"Kololli ist der Spieler der Woche in der Schweiz"},"content":{"rendered":"<p data-start=\"54\" data-end=\"199\">Der kosovarische Fu\u00dfballspieler Benjamin Kololli wurde zum besten Spieler der 37. Runde der Schweizer Super League gew\u00e4hlt, berichtet albinfo.ch.<\/p>\n<p data-start=\"201\" data-end=\"343\">F\u00fcr Kololli ist es das erste Mal in dieser Saison, dass er diese Auszeichnung erh\u00e4lt, laut der offiziellen Website der Schweizer Super League.<\/p>\n<p data-start=\"345\" data-end=\"464\">Kololli gl\u00e4nzte am Samstag beim 2:1-Sieg des FC Sion gegen den Grasshopper Club, wobei er beide Tore f\u00fcr Sion erzielte.<\/p>\n<p data-start=\"466\" data-end=\"567\">Der 33-J\u00e4hrige hat in der laufenden Saison in 22 Spielen zehn Tore erzielt und vier Vorlagen gegeben.<\/p>\n<p data-start=\"569\" data-end=\"699\" data-is-last-node=\"\" data-is-only-node=\"\">Er geh\u00f6rt derzeit zu den formst\u00e4rksten Spielern des FC Sion. Kololli wechselte im Januar-Transferfenster vom FC Basel zum FC Sion.<\/p>\n<p><a href=\"https:\/\/www.albinfo.ch\/wp-content\/uploads\/2025\/05\/499169420_1103632495144320_8940269518831385429_n.jpg\"><img loading=\"lazy\" decoding=\"async\" class=\"alignnone wp-image-831943\" src=\"https:\/\/www.albinfo.ch\/wp-content\/uploads\/2025\/05\/499169420_1103632495144320_8940269518831385429_n.jpg\" alt=\"\" width=\"500\" height=\"625\" srcset=\"https:\/\/www.albinfo.at\/wp-content\/uploads\/2025\/05\/499169420_1103632495144320_8940269518831385429_n.jpg 1080w, https:\/\/www.albinfo.at\/wp-content\/uploads\/2025\/05\/499169420_1103632495144320_8940269518831385429_n-240x300.jpg 240w, https:\/\/www.albinfo.at\/wp-content\/uploads\/2025\/05\/499169420_1103632495144320_8940269518831385429_n-819x1024.jpg 819w, https:\/\/www.albinfo.at\/wp-content\/uploads\/2025\/05\/499169420_1103632495144320_8940269518831385429_n-768x960.jpg 768w, https:\/\/www.albinfo.at\/wp-content\/uploads\/2025\/05\/499169420_1103632495144320_8940269518831385429_n-317x396.jpg 317w, https:\/\/www.albinfo.at\/wp-content\/uploads\/2025\/05\/499169420_1103632495144320_8940269518831385429_n-80x100.jpg 80w, https:\/\/www.albinfo.at\/wp-content\/uploads\/2025\/05\/499169420_1103632495144320_8940269518831385429_n-140x175.jpg 140w\" sizes=\"auto, (max-width: 500px) 100vw, 500px\" \/><\/a><\/p>\n<p>&nbsp;<\/p>\n","protected":false},"excerpt":{"rendered":"<p>P\u00ebr Benjamin Kolollin \u00ebsht\u00eb hera e par\u00eb k\u00ebt\u00eb edicion q\u00eb shpallet m\u00eb i miri i jav\u00ebs<\/p>\n","protected":false},"author":6,"featured_media":831949,"comment_status":"closed","ping_status":"closed","sticky":false,"template":"","format":"standard","meta":{"footnotes":""},"categories":[4023,1139],"tags":[],"vendi":[],"content_country":[29888,31836,31837],"class_list":["post-832025","post","type-post","status-publish","format-standard","has-post-thumbnail","hentry","category-futboll-de","category-sport","content_country-zvicer","content_country-austria-de","content_country-germany-de"],"acf":[],"_links":{"self":[{"href":"https:\/\/www.albinfo.at\/de\/wp-json\/wp\/v2\/posts\/832025","targetHints":{"allow":["GET"]}}],"collection":[{"href":"https:\/\/www.albinfo.at\/de\/wp-json\/wp\/v2\/posts"}],"about":[{"href":"https:\/\/www.albinfo.at\/de\/wp-json\/wp\/v2\/types\/post"}],"author":[{"embeddable":true,"href":"https:\/\/www.albinfo.at\/de\/wp-json\/wp\/v2\/users\/6"}],"replies":[{"embeddable":true,"href":"https:\/\/www.albinfo.at\/de\/wp-json\/wp\/v2\/comments?post=832025"}],"version-history":[{"count":1,"href":"https:\/\/www.albinfo.at\/de\/wp-json\/wp\/v2\/posts\/832025\/revisions"}],"predecessor-version":[{"id":832030,"href":"https:\/\/www.albinfo.at\/de\/wp-json\/wp\/v2\/posts\/832025\/revisions\/832030"}],"wp:featuredmedia":[{"embeddable":true,"href":"https:\/\/www.albinfo.at\/de\/wp-json\/wp\/v2\/media\/831949"}],"wp:attachment":[{"href":"https:\/\/www.albinfo.at\/de\/wp-json\/wp\/v2\/media?parent=832025"}],"wp:term":[{"taxonomy":"category","embeddable":true,"href":"https:\/\/www.albinfo.at\/de\/wp-json\/wp\/v2\/categories?post=832025"},{"taxonomy":"post_tag","embeddable":true,"href":"https:\/\/www.albinfo.at\/de\/wp-json\/wp\/v2\/tags?post=832025"},{"taxonomy":"vendi","embeddable":true,"href":"https:\/\/www.albinfo.at\/de\/wp-json\/wp\/v2\/vendi?post=832025"},{"taxonomy":"content_country","embeddable":true,"href":"https:\/\/www.albinfo.at\/de\/wp-json\/wp\/v2\/content_country?post=832025"}],"curies":[{"name":"wp","href":"https:\/\/api.w.org\/{rel}","templated":true}]}}